{"id":4726,"date":"2024-02-15T10:59:13","date_gmt":"2024-02-15T09:59:13","guid":{"rendered":"https:\/\/www.presasg8.es\/instalacao-de-paredes-de-escalada-em-escolas-e-colegios-empresa\/"},"modified":"2026-04-21T07:13:11","modified_gmt":"2026-04-21T05:13:11","slug":"instalacao-de-paredes-de-escalada-em-escolas-e-colegios-empresa","status":"publish","type":"post","link":"https:\/\/www.presasg8.es\/pt-pt\/instalacao-de-paredes-de-escalada-em-escolas-e-colegios-empresa\/","title":{"rendered":"Instala\u00e7\u00e3o de paredes de escalada em escolas e col\u00e9gios. Empresa"},"content":{"rendered":"&#13;\n<h2 class=\"wp-block-heading\">INSTALA\u00c7\u00c3O DE PAREDES DE ESCALADA, GENERALIDADES<\/h2>&#13;\n<h2 class=\"wp-block-heading has-black-color has-text-color has-background\" style=\"padding-left: 40px;\">O que devo fazer se quiser instalar uma parede de escalada no meu centro?<\/h2>&#13;\n\r\n<ul class=\"wp-block-list\">\r\n<li style=\"list-style-type: none;\">\r\n<ul>&#13;\n<li>A primeira coisa a fazer \u00e9 encontrar o <strong>local ideal<\/strong> para a materializa\u00e7\u00e3o da parede de escalada. Um local onde haja uma superf\u00edcie suficiente para pelo menos 10m2 de escalada. Normalmente, nas escolas e liceus, a parede de escalada \u00e9 constru\u00edda longitudinalmente e n\u00e3o em altura (altura m\u00e1xima de 2,5\/3 M).  <\/li>&#13;\n&#13;\n&#13;\n&#13;\n&#13;\n<p>Pode ser no interior de um pavilh\u00e3o (em dias de chuva podes trabalhar nele sem problemas) ou no exterior (as nossas agarras e ancoradouros est\u00e3o preparados para as intemp\u00e9ries).<\/p>&#13;\n\r\n<ul class=\"wp-block-list\">\r\n<li style=\"list-style-type: none;\">\r\n<ul>&#13;\n<li>A pr\u00f3xima coisa a considerar s\u00e3o <strong>as dimens\u00f5es ou a \u00e1rea de superf\u00edcie<\/strong> que queremos cobrir. Para as crian\u00e7as mais pequenas, com idades compreendidas entre os 4 e os 10 anos, seria adequada uma parede de escalada com 5 a 8 metros lineares. Para as crian\u00e7as mais velhas, entre os 10 e os 17 anos, recomenda-se uma parede de escalada com dimens\u00f5es entre 10 e 14 metros.  <\/li>&#13;\n&#13;\n&#13;\n&#13;\n\r\n<ul class=\"wp-block-list\">\r\n<li style=\"list-style-type: none;\">\r\n<ul>&#13;\n<li>O pr\u00f3ximo ponto a considerar \u00e9 a <strong>disposi\u00e7\u00e3o das agarras<\/strong> de escalada e a densidade que lhes queremos dar. Se queremos uma parede de escalada em que os escaladores s\u00f3 possam subir em linha horizontal ou se tamb\u00e9m queremos que possam subir horizontalmente e fazer ziguezagues para cima e para baixo (mais agarras por metro quadrado). Sobre este ponto, podemos aconselhar-te sem problemas, ligando para 662017648.<\/li>&#13;\n&#13;\n&#13;\n&#13;\n&#13;\n<p>\u00a0<\/p>&#13;\n&#13;\n<p><img decoding=\"async\" class=\"lazyload size-full wp-image-1821 aligncenter\" src=\"https:\/\/www.presasg8.es\/wp-content\/uploads\/2024\/02\/Rocodromo-socovos-1024x576-1.jpg\" data-orig-src=\"https:\/\/www.presasg8.es\/wp-content\/uploads\/2024\/02\/Rocodromo-socovos-1024x576-1.jpg\" alt=\"\" width=\"1024\" height=\"576\" srcset=\"data:image\/svg+xml,%3Csvg%20xmlns%3D%27http%3A%2F%2Fwww.w3.org%2F2000%2Fsvg%27%20width%3D%271024%27%20height%3D%27576%27%20viewBox%3D%270%200%201024%20576%27%3E%3Crect%20width%3D%271024%27%20height%3D%27576%27%20fill-opacity%3D%220%22%2F%3E%3C%2Fsvg%3E\" data-srcset=\"https:\/\/www.presasg8.es\/wp-content\/uploads\/2024\/02\/Rocodromo-socovos-1024x576-1-200x113.jpg 200w, https:\/\/www.presasg8.es\/wp-content\/uploads\/2024\/02\/Rocodromo-socovos-1024x576-1-400x225.jpg 400w, https:\/\/www.presasg8.es\/wp-content\/uploads\/2024\/02\/Rocodromo-socovos-1024x576-1-500x281.jpg 500w, https:\/\/www.presasg8.es\/wp-content\/uploads\/2024\/02\/Rocodromo-socovos-1024x576-1-600x338.jpg 600w, https:\/\/www.presasg8.es\/wp-content\/uploads\/2024\/02\/Rocodromo-socovos-1024x576-1-700x394.jpg 700w, https:\/\/www.presasg8.es\/wp-content\/uploads\/2024\/02\/Rocodromo-socovos-1024x576-1-768x432.jpg 768w, https:\/\/www.presasg8.es\/wp-content\/uploads\/2024\/02\/Rocodromo-socovos-1024x576-1-800x450.jpg 800w, https:\/\/www.presasg8.es\/wp-content\/uploads\/2024\/02\/Rocodromo-socovos-1024x576-1.jpg 1024w\" data-sizes=\"auto\" data-orig-sizes=\"(max-width: 1024px) 100vw, 1024px\" \/><\/p>&#13;\n&#13;\n<p>\u00a0<\/p>&#13;\n&#13;\n<h3 class=\"wp-block-heading has-background\">Como \u00e9 que trabalhamos?<\/h3>&#13;\n&#13;\n<p>Uma vez avaliados os pontos anteriores, visitamos <strong>o centro para<\/strong> ver as qualidades da \u00e1rea onde a parede de escalada ser\u00e1 instalada (bastam algumas fotos detalhadas da \u00e1rea).<\/p>&#13;\n&#13;\n<p><strong>Elaboramos ent\u00e3o um or\u00e7amento<\/strong> em fun\u00e7\u00e3o do tipo e do n\u00famero de agarras e do tipo de parafusos a utilizar.<\/p>&#13;\n&#13;\n<p>Nas <strong>paredes de bet\u00e3o<\/strong>, sendo mais resistentes, os fixadores s\u00e3o mais econ\u00f3micos devido \u00e0 utiliza\u00e7\u00e3o de materiais mais simples.<\/p>&#13;\n&#13;\n<p>Em paredes <strong>de tijolo ou alvenaria<\/strong>, devem ser utilizados parafusos de ancoragem qu\u00edmicos para proporcionar maior seguran\u00e7a na instala\u00e7\u00e3o.<\/p>&#13;\n<p>Existe tamb\u00e9m a possibilidade de implementar a doca de madeira com t\u00e1buas de okume de 15 mm, texturadas e preparadas com porcas de encaixe.<\/p>&#13;\n&#13;\n<p>Assim que <strong>recebermos o OK<\/strong> do centro, combinaremos uma data para o in\u00edcio da instala\u00e7\u00e3o, que pode demorar entre 1 e 3 dias, dependendo das dimens\u00f5es do centro e da complexidade da instala\u00e7\u00e3o.<\/p>&#13;\n&#13;\n<p>\u00a0<\/p>&#13;\n&#13;\n<h2 class=\"wp-block-heading has-background\">Que agarras escolhemos para instalar na parede?<\/h2>&#13;\n&#13;\n<p>Normalmente, as agarras de escalada que instalamos nas escolas s\u00e3o, na sua maioria, agarras<strong> f\u00e1ceis<\/strong>, combinadas com algumas agarras mais t\u00e9cnicas para jogar com a evolu\u00e7\u00e3o gestual dos alunos, evitando assim que a atividade se torne simples ou mon\u00f3tona (independentemente disto, as agarras podem sempre ser rodadas para complicar ou variar a ader\u00eancia).<\/p>&#13;\n&#13;\n<p>As propor\u00e7\u00f5es que recomendamos s\u00e3o 30% de presas grandes, 60% de presas m\u00e9dias e 10% de presas pequenas em p\u00e9 (para crian\u00e7as muito pequenas, as propor\u00e7\u00f5es podem ser variadas, eliminando as presas pequenas em p\u00e9).<\/p>&#13;\n&#13;\n<p>Fornecemos agarras em diferentes formas (conchas, rombos, tenazes&#8230;) e cores (branco, amarelo, laranja, verde, azul, vermelho, cinzento, preto&#8230;) de acordo com o pedido do cliente.<\/p>&#13;\n&#13;\n<p>\u00a0<\/p>&#13;\n&#13;\n<p>\u00a0<\/p>&#13;\n&#13;\n<h3 class=\"wp-block-heading has-background\">Benef\u00edcios da escalada em idade escolar<\/h3>&#13;\n&#13;\n<p>Os benef\u00edcios que podemos trazer com as aulas de escalada na educa\u00e7\u00e3o f\u00edsica s\u00e3o os seguintes:<\/p>&#13;\n\r\n<ul class=\"wp-block-list\">&#13;\n<li>Incentivam<strong> as rela\u00e7\u00f5es sociais e pessoais<\/strong>, proporcionando um feedback entre os alunos e os monitores.<\/li>&#13;\n&#13;\n\r\n\r\n&#13;\n<ul>&#13;\n<li>Aumenta as suas <strong>capacidades psicomotoras<\/strong> sobre o seu pr\u00f3prio corpo, tocando em \u00e1reas como a <strong>agilidade, a flexibilidade, o equil\u00edbrio, a lateralidade, a motricidade grossa e fina&#8230;<\/strong><\/li>&#13;\n<\/ul>&#13;\n\r\n\r\n&#13;\n<ul>&#13;\n<li>Por se tratar de uma atividade &#8220;diferente&#8221; (lembra-te que os alunos saem do ch\u00e3o, onde normalmente realizam as suas actividades), a <strong>concentra\u00e7\u00e3o<\/strong> que necessitam para realizar os movimentos \u00e9 maior porque est\u00e3o num ambiente a que n\u00e3o est\u00e3o habituados. Isto significa que necessitam de um maior <strong>envolvimento<\/strong> no exerc\u00edcio e de <strong>um maior desgaste f\u00edsico<\/strong>, com o consequente equil\u00edbrio emocional, pois a dicotomia esfor\u00e7o-recompensa aumenta. <\/li>&#13;\n<\/ul>&#13;\n\r\n\r\n&#13;\n<ul>&#13;\n<li>Aumenta a <strong>motiva\u00e7\u00e3o<\/strong> para as aulas de escalada, uma vez que se trata de uma atividade f\u00edsica diferente daquela a que est\u00e3o habituados.<\/li>&#13;\n<\/ul>&#13;\n\r\n\r\n&#13;\n<ul>&#13;\n<li>Aumenta a quantidade de <strong>decis\u00f5es a tomar<\/strong>, uma vez que cada movimento que querem fazer tem de fazer uma avalia\u00e7\u00e3o de qual ser\u00e1 o melhor movimento a fazer para conseguir agarrar a pr\u00f3xima presa mais confortavelmente.<\/li>&#13;\n<\/ul>&#13;\n&#13;\n<p>\u00a0<\/p>&#13;\n&#13;\n<p>Consulta todos os nossos <strong><a href=\"https:\/\/www.presasg8.es\/product-category\/presas-de-escaldad\/presas-de-escalada\/\" target=\"_blank\" rel=\"noreferrer noopener\">modelos de agarras<\/a><\/strong> homologadas pelo IBV ou no nosso site <a href=\"http:\/\/www.presasg8.es\/pt-pt\/\">https:\/\/www.presasg8.es<\/a><\/p>&#13;\n&#13;\n<p>\u00a0<\/p>&#13;\n&#13;\n<p>As nossas paredes de escalada cumprem as normas de constru\u00e7\u00e3o europeias <strong>UNE-EN 12.572-1 e UNE-EN 12.572-2.<\/strong><\/p>&#13;\n&#13;\n<p>Dispomos igualmente de um <strong>seguro de<\/strong> responsabilidade civil at\u00e9 <strong>300 000 euros.<\/strong><\/p>&#13;\n&#13;\n<p>Trabalhamos em todo o territ\u00f3rio nacional, com especial incid\u00eancia em<strong> Castilla-La Mancha, Val\u00eancia, M\u00farcia, Madrid&#8230;<\/strong><\/p>&#13;\n&#13;\n<p>  <img decoding=\"async\" class=\"lazyload size-full wp-image-1825 aligncenter\" src=\"https:\/\/www.presasg8.es\/wp-content\/uploads\/2024\/02\/foto-cole-quintanar-buena-612x1024-1.jpg\" data-orig-src=\"https:\/\/www.presasg8.es\/wp-content\/uploads\/2024\/02\/foto-cole-quintanar-buena-612x1024-1.jpg\" alt=\"paredes de escalada em escolas e col&#xE9;gios\" width=\"612\" height=\"1024\" srcset=\"data:image\/svg+xml,%3Csvg%20xmlns%3D%27http%3A%2F%2Fwww.w3.org%2F2000%2Fsvg%27%20width%3D%27612%27%20height%3D%271024%27%20viewBox%3D%270%200%20612%201024%27%3E%3Crect%20width%3D%27612%27%20height%3D%271024%27%20fill-opacity%3D%220%22%2F%3E%3C%2Fsvg%3E\" data-srcset=\"https:\/\/www.presasg8.es\/wp-content\/uploads\/2024\/02\/foto-cole-quintanar-buena-612x1024-1-200x335.jpg 200w, https:\/\/www.presasg8.es\/wp-content\/uploads\/2024\/02\/foto-cole-quintanar-buena-612x1024-1-239x400.jpg 239w, https:\/\/www.presasg8.es\/wp-content\/uploads\/2024\/02\/foto-cole-quintanar-buena-612x1024-1-400x669.jpg 400w, https:\/\/www.presasg8.es\/wp-content\/uploads\/2024\/02\/foto-cole-quintanar-buena-612x1024-1-500x837.jpg 500w, https:\/\/www.presasg8.es\/wp-content\/uploads\/2024\/02\/foto-cole-quintanar-buena-612x1024-1-600x1004.jpg 600w, https:\/\/www.presasg8.es\/wp-content\/uploads\/2024\/02\/foto-cole-quintanar-buena-612x1024-1.jpg 612w\" data-sizes=\"auto\" data-orig-sizes=\"(max-width: 612px) 100vw, 612px\" \/>    <\/p>&#13;\n<h3>Roc\u00f3dromos instalados:<\/h3>&#13;\n<ul>&#13;\n<li>Roc\u00f3dromo Instituto de educaci\u00f3n secundaria Encomienda de Santiago, Socovos (Albacete)<\/li>&#13;\n<li>Roc\u00f3dromo Instituto de educaci\u00f3n secundaria Los Olmos (Albacete)<\/li>&#13;\n<li>Roc\u00f3dromo Instituto de educaci\u00f3n secundaria Andr\u00e9s de Vandelvira (Albacete)<\/li>&#13;\n<li>Roc\u00f3dromo Colegio p\u00fablico Alfadal\u00ed (Valencia)<\/li>&#13;\n<li>Roc\u00f3dromo Centro Joven en Saced\u00f3n (Guadalajara)<\/li>&#13;\n<li>Roc\u00f3dromo Colegio p\u00fablico Silvano Cirujano, Almorox (Toledo)<\/li>&#13;\n<li>Roc\u00f3dromo CEIP Mariano Munera, La Gineta, (Albacete)<\/li>&#13;\n<li>Roc\u00f3dromo Colegio P\u00fablico Fuente de la Villa, Valdemoro (Madrid)<\/li>&#13;\n<li>Roc\u00f3dromo CEIP Narciso Yepes (Murcia).<\/li>&#13;\n<li>Roc\u00f3dromo CEIP Mediterr\u00e1neo (Puerto de Sagunto)<\/li>&#13;\n<li>Roc\u00f3dromo particular en Pozoca\u00f1ada (Albacete)<\/li>&#13;\n<li>Roc\u00f3dromo en el muro de la plaza del Cristo del municipio de Sanet y Negrals (Alicante)<\/li>&#13;\n<li>Roc\u00f3dromo CEIP Jarama, Mejorada del Campo (Madrid)<\/li>&#13;\n<li>Roc\u00f3dromo Colegio Internacional John Henry Newman (Madrid)<\/li>&#13;\n<li>Roc\u00f3dromo Pineda de la Sierra (Burgos)<\/li>&#13;\n<li>Roc\u00f3dromo\u00a0 Centro Jove, Pobla de Vallbona (Valencia)<\/li>&#13;\n<li>Roc\u00f3dromo Colegio Madre del Divino Pastor, Cieza (Murcia)<\/li>&#13;\n<li>Roc\u00f3dromo, Altafit Centro comercial Thader, Murcia<\/li>&#13;\n<li>Roc\u00f3dromo La Mascota i el Jard\u00ed, Ruidoms, (Tarragona)<\/li>&#13;\n<li>Roc\u00f3dromo Gimnasio Central Sport, Puerto de Sagunto (Valencia)<\/li>&#13;\n<li>Roc\u00f3dromo Escuela de Educaci\u00f3n infantil Francisco Lucilo de Carvajal, Albolote (Granada)<\/li>&#13;\n<li>Roc\u00f3dromo CEIP Sagrado coraz\u00f3n de Jes\u00fas, Alhend\u00edn (Granada).<\/li>&#13;\n<li>Roc\u00f3dromo CEIP Jose Antonio Fuente Alamo (Murcia).<\/li>&#13;\n<li>Roc\u00f3dromo Pabell\u00f3n usos m\u00faltiples de Fr\u00edas (Burgos)<\/li>&#13;\n<li>Roc\u00f3dromo CEIP Manuel de Falla en Peligros (Granada)<\/li>&#13;\n<li>Roc\u00f3dromo CEIP Emilio Carmona en Maracena (Granada)<\/li>&#13;\n<li>Roc\u00f3dromo CEIP Jaume I en San Vicente del Raspeig (Alicante)<\/li>&#13;\n<li>Roc\u00f3dromo CEIP Nuestra se\u00f1ora de la piedad, Santa Olalla (Toledo)<\/li>&#13;\n<li>Roc\u00f3dromo CEIP Poeta Miguel Hern\u00e1ndez, Rojales (Alicante)<\/li>&#13;\n<li>Roc\u00f3dromo CEIP Escultor Gonz\u00e1lez Moreno, Aljucer (Murcia)<\/li>&#13;\n<li>Roc\u00f3dromo en Escola Escol\u00e0pies Sabadell (Barcelona)<\/li>&#13;\n<\/ul>&#13;\n<p>  <img decoding=\"async\" class=\"lazyload size-full wp-image-1829 aligncenter\" src=\"https:\/\/www.presasg8.es\/wp-content\/uploads\/2024\/02\/colegio-Mediterraneo-Puerto-Sagunto-1024x620-1.jpg\" data-orig-src=\"https:\/\/www.presasg8.es\/wp-content\/uploads\/2024\/02\/colegio-Mediterraneo-Puerto-Sagunto-1024x620-1.jpg\" alt=\"\" width=\"1024\" height=\"620\" srcset=\"data:image\/svg+xml,%3Csvg%20xmlns%3D%27http%3A%2F%2Fwww.w3.org%2F2000%2Fsvg%27%20width%3D%271024%27%20height%3D%27620%27%20viewBox%3D%270%200%201024%20620%27%3E%3Crect%20width%3D%271024%27%20height%3D%27620%27%20fill-opacity%3D%220%22%2F%3E%3C%2Fsvg%3E\" data-srcset=\"https:\/\/www.presasg8.es\/wp-content\/uploads\/2024\/02\/colegio-Mediterraneo-Puerto-Sagunto-1024x620-1-200x121.jpg 200w, https:\/\/www.presasg8.es\/wp-content\/uploads\/2024\/02\/colegio-Mediterraneo-Puerto-Sagunto-1024x620-1-400x242.jpg 400w, https:\/\/www.presasg8.es\/wp-content\/uploads\/2024\/02\/colegio-Mediterraneo-Puerto-Sagunto-1024x620-1-500x303.jpg 500w, https:\/\/www.presasg8.es\/wp-content\/uploads\/2024\/02\/colegio-Mediterraneo-Puerto-Sagunto-1024x620-1-600x363.jpg 600w, https:\/\/www.presasg8.es\/wp-content\/uploads\/2024\/02\/colegio-Mediterraneo-Puerto-Sagunto-1024x620-1-700x424.jpg 700w, https:\/\/www.presasg8.es\/wp-content\/uploads\/2024\/02\/colegio-Mediterraneo-Puerto-Sagunto-1024x620-1-768x465.jpg 768w, https:\/\/www.presasg8.es\/wp-content\/uploads\/2024\/02\/colegio-Mediterraneo-Puerto-Sagunto-1024x620-1-800x484.jpg 800w, https:\/\/www.presasg8.es\/wp-content\/uploads\/2024\/02\/colegio-Mediterraneo-Puerto-Sagunto-1024x620-1.jpg 1024w\" data-sizes=\"auto\" data-orig-sizes=\"(max-width: 1024px) 100vw, 1024px\" \/><\/p>&#13;\n<p><img decoding=\"async\" class=\"lazyload alignnone size-large wp-image-8225\" src=\"https:\/\/www.presasg8.es\/wp-content\/uploads\/2024\/02\/rocodromo-de-Frias-1024x544.jpg\" data-orig-src=\"https:\/\/www.presasg8.es\/wp-content\/uploads\/2024\/02\/rocodromo-de-Frias-1024x544.jpg\" alt=\"\" width=\"1024\" height=\"544\" srcset=\"data:image\/svg+xml,%3Csvg%20xmlns%3D%27http%3A%2F%2Fwww.w3.org%2F2000%2Fsvg%27%20width%3D%271024%27%20height%3D%27544%27%20viewBox%3D%270%200%201024%20544%27%3E%3Crect%20width%3D%271024%27%20height%3D%27544%27%20fill-opacity%3D%220%22%2F%3E%3C%2Fsvg%3E\" data-srcset=\"https:\/\/www.presasg8.es\/wp-content\/uploads\/2024\/02\/rocodromo-de-Frias-200x106.jpg 200w, https:\/\/www.presasg8.es\/wp-content\/uploads\/2024\/02\/rocodromo-de-Frias-400x213.jpg 400w, https:\/\/www.presasg8.es\/wp-content\/uploads\/2024\/02\/rocodromo-de-Frias-500x266.jpg 500w, https:\/\/www.presasg8.es\/wp-content\/uploads\/2024\/02\/rocodromo-de-Frias-600x319.jpg 600w, https:\/\/www.presasg8.es\/wp-content\/uploads\/2024\/02\/rocodromo-de-Frias-700x372.jpg 700w, https:\/\/www.presasg8.es\/wp-content\/uploads\/2024\/02\/rocodromo-de-Frias-768x408.jpg 768w, https:\/\/www.presasg8.es\/wp-content\/uploads\/2024\/02\/rocodromo-de-Frias-800x425.jpg 800w, https:\/\/www.presasg8.es\/wp-content\/uploads\/2024\/02\/rocodromo-de-Frias-1024x544.jpg 1024w, https:\/\/www.presasg8.es\/wp-content\/uploads\/2024\/02\/rocodromo-de-Frias-1200x638.jpg 1200w, https:\/\/www.presasg8.es\/wp-content\/uploads\/2024\/02\/rocodromo-de-Frias-1536x816.jpg 1536w\" data-sizes=\"auto\" data-orig-sizes=\"(max-width: 1024px) 100vw, 1024px\" \/><\/p>&#13;\n<p><img decoding=\"async\" class=\"lazyload size-full wp-image-1837 aligncenter\" src=\"https:\/\/www.presasg8.es\/wp-content\/uploads\/2024\/02\/rocodromo-colegio-alfadali-1024x576-1.jpg\" data-orig-src=\"https:\/\/www.presasg8.es\/wp-content\/uploads\/2024\/02\/rocodromo-colegio-alfadali-1024x576-1.jpg\" alt=\"\" width=\"1024\" height=\"576\" srcset=\"data:image\/svg+xml,%3Csvg%20xmlns%3D%27http%3A%2F%2Fwww.w3.org%2F2000%2Fsvg%27%20width%3D%271024%27%20height%3D%27576%27%20viewBox%3D%270%200%201024%20576%27%3E%3Crect%20width%3D%271024%27%20height%3D%27576%27%20fill-opacity%3D%220%22%2F%3E%3C%2Fsvg%3E\" data-srcset=\"https:\/\/www.presasg8.es\/wp-content\/uploads\/2024\/02\/rocodromo-colegio-alfadali-1024x576-1-200x113.jpg 200w, https:\/\/www.presasg8.es\/wp-content\/uploads\/2024\/02\/rocodromo-colegio-alfadali-1024x576-1-400x225.jpg 400w, https:\/\/www.presasg8.es\/wp-content\/uploads\/2024\/02\/rocodromo-colegio-alfadali-1024x576-1-500x281.jpg 500w, https:\/\/www.presasg8.es\/wp-content\/uploads\/2024\/02\/rocodromo-colegio-alfadali-1024x576-1-600x338.jpg 600w, https:\/\/www.presasg8.es\/wp-content\/uploads\/2024\/02\/rocodromo-colegio-alfadali-1024x576-1-700x394.jpg 700w, https:\/\/www.presasg8.es\/wp-content\/uploads\/2024\/02\/rocodromo-colegio-alfadali-1024x576-1-768x432.jpg 768w, https:\/\/www.presasg8.es\/wp-content\/uploads\/2024\/02\/rocodromo-colegio-alfadali-1024x576-1-800x450.jpg 800w, https:\/\/www.presasg8.es\/wp-content\/uploads\/2024\/02\/rocodromo-colegio-alfadali-1024x576-1.jpg 1024w\" data-sizes=\"auto\" data-orig-sizes=\"(max-width: 1024px) 100vw, 1024px\" \/>               <img decoding=\"async\" class=\"lazyload alignnone size-large wp-image-7366\" src=\"https:\/\/www.presasg8.es\/wp-content\/uploads\/2024\/02\/CEIP-Jarama-Mejorada-del-Campo-1024x577.jpg\" data-orig-src=\"https:\/\/www.presasg8.es\/wp-content\/uploads\/2024\/02\/CEIP-Jarama-Mejorada-del-Campo-1024x577.jpg\" alt=\"Instala&#xE7;&#xE3;o da parede de escalada CEIP Jarama\" width=\"1024\" height=\"577\" srcset=\"data:image\/svg+xml,%3Csvg%20xmlns%3D%27http%3A%2F%2Fwww.w3.org%2F2000%2Fsvg%27%20width%3D%271024%27%20height%3D%27577%27%20viewBox%3D%270%200%201024%20577%27%3E%3Crect%20width%3D%271024%27%20height%3D%27577%27%20fill-opacity%3D%220%22%2F%3E%3C%2Fsvg%3E\" data-srcset=\"https:\/\/www.presasg8.es\/wp-content\/uploads\/2024\/02\/CEIP-Jarama-Mejorada-del-Campo-200x113.jpg 200w, https:\/\/www.presasg8.es\/wp-content\/uploads\/2024\/02\/CEIP-Jarama-Mejorada-del-Campo-400x225.jpg 400w, https:\/\/www.presasg8.es\/wp-content\/uploads\/2024\/02\/CEIP-Jarama-Mejorada-del-Campo-500x282.jpg 500w, https:\/\/www.presasg8.es\/wp-content\/uploads\/2024\/02\/CEIP-Jarama-Mejorada-del-Campo-600x338.jpg 600w, https:\/\/www.presasg8.es\/wp-content\/uploads\/2024\/02\/CEIP-Jarama-Mejorada-del-Campo-700x394.jpg 700w, https:\/\/www.presasg8.es\/wp-content\/uploads\/2024\/02\/CEIP-Jarama-Mejorada-del-Campo-768x432.jpg 768w, https:\/\/www.presasg8.es\/wp-content\/uploads\/2024\/02\/CEIP-Jarama-Mejorada-del-Campo-800x450.jpg 800w, https:\/\/www.presasg8.es\/wp-content\/uploads\/2024\/02\/CEIP-Jarama-Mejorada-del-Campo-1024x577.jpg 1024w, https:\/\/www.presasg8.es\/wp-content\/uploads\/2024\/02\/CEIP-Jarama-Mejorada-del-Campo-1200x676.jpg 1200w, https:\/\/www.presasg8.es\/wp-content\/uploads\/2024\/02\/CEIP-Jarama-Mejorada-del-Campo-1536x865.jpg 1536w\" data-sizes=\"auto\" data-orig-sizes=\"(max-width: 1024px) 100vw, 1024px\" \/><\/p>&#13;\n<p><img decoding=\"async\" class=\"lazyload alignnone size-large wp-image-8161\" src=\"https:\/\/www.presasg8.es\/wp-content\/uploads\/2024\/02\/Rocodromo-colegio-Albolote-1024x612.jpg\" data-orig-src=\"https:\/\/www.presasg8.es\/wp-content\/uploads\/2024\/02\/Rocodromo-colegio-Albolote-1024x612.jpg\" alt=\"Escola de escalada Albolote, Granada\" width=\"1024\" height=\"612\" srcset=\"data:image\/svg+xml,%3Csvg%20xmlns%3D%27http%3A%2F%2Fwww.w3.org%2F2000%2Fsvg%27%20width%3D%271024%27%20height%3D%27612%27%20viewBox%3D%270%200%201024%20612%27%3E%3Crect%20width%3D%271024%27%20height%3D%27612%27%20fill-opacity%3D%220%22%2F%3E%3C%2Fsvg%3E\" data-srcset=\"https:\/\/www.presasg8.es\/wp-content\/uploads\/2024\/02\/Rocodromo-colegio-Albolote-200x120.jpg 200w, https:\/\/www.presasg8.es\/wp-content\/uploads\/2024\/02\/Rocodromo-colegio-Albolote-400x239.jpg 400w, https:\/\/www.presasg8.es\/wp-content\/uploads\/2024\/02\/Rocodromo-colegio-Albolote-500x299.jpg 500w, https:\/\/www.presasg8.es\/wp-content\/uploads\/2024\/02\/Rocodromo-colegio-Albolote-600x359.jpg 600w, https:\/\/www.presasg8.es\/wp-content\/uploads\/2024\/02\/Rocodromo-colegio-Albolote-700x418.jpg 700w, https:\/\/www.presasg8.es\/wp-content\/uploads\/2024\/02\/Rocodromo-colegio-Albolote-768x459.jpg 768w, https:\/\/www.presasg8.es\/wp-content\/uploads\/2024\/02\/Rocodromo-colegio-Albolote-800x478.jpg 800w, https:\/\/www.presasg8.es\/wp-content\/uploads\/2024\/02\/Rocodromo-colegio-Albolote-1024x612.jpg 1024w, https:\/\/www.presasg8.es\/wp-content\/uploads\/2024\/02\/Rocodromo-colegio-Albolote-1200x717.jpg 1200w, https:\/\/www.presasg8.es\/wp-content\/uploads\/2024\/02\/Rocodromo-colegio-Albolote-1536x918.jpg 1536w\" data-sizes=\"auto\" data-orig-sizes=\"(max-width: 1024px) 100vw, 1024px\" \/><\/p>&#13;\n<p><strong><img decoding=\"async\" class=\"lazyload alignnone size-large wp-image-8191\" src=\"https:\/\/www.presasg8.es\/wp-content\/uploads\/2024\/02\/rocodromo-fuente-alamo-1024x363.jpg\" data-orig-src=\"https:\/\/www.presasg8.es\/wp-content\/uploads\/2024\/02\/rocodromo-fuente-alamo-1024x363.jpg\" alt=\"Rocodromo G8 fuente alamo\" width=\"1024\" height=\"363\" srcset=\"data:image\/svg+xml,%3Csvg%20xmlns%3D%27http%3A%2F%2Fwww.w3.org%2F2000%2Fsvg%27%20width%3D%271024%27%20height%3D%27363%27%20viewBox%3D%270%200%201024%20363%27%3E%3Crect%20width%3D%271024%27%20height%3D%27363%27%20fill-opacity%3D%220%22%2F%3E%3C%2Fsvg%3E\" data-srcset=\"https:\/\/www.presasg8.es\/wp-content\/uploads\/2024\/02\/rocodromo-fuente-alamo-200x71.jpg 200w, https:\/\/www.presasg8.es\/wp-content\/uploads\/2024\/02\/rocodromo-fuente-alamo-400x142.jpg 400w, https:\/\/www.presasg8.es\/wp-content\/uploads\/2024\/02\/rocodromo-fuente-alamo-500x177.jpg 500w, https:\/\/www.presasg8.es\/wp-content\/uploads\/2024\/02\/rocodromo-fuente-alamo-600x213.jpg 600w, https:\/\/www.presasg8.es\/wp-content\/uploads\/2024\/02\/rocodromo-fuente-alamo-700x248.jpg 700w, https:\/\/www.presasg8.es\/wp-content\/uploads\/2024\/02\/rocodromo-fuente-alamo-768x272.jpg 768w, https:\/\/www.presasg8.es\/wp-content\/uploads\/2024\/02\/rocodromo-fuente-alamo-800x283.jpg 800w, https:\/\/www.presasg8.es\/wp-content\/uploads\/2024\/02\/rocodromo-fuente-alamo-1024x363.jpg 1024w, https:\/\/www.presasg8.es\/wp-content\/uploads\/2024\/02\/rocodromo-fuente-alamo-1200x425.jpg 1200w, https:\/\/www.presasg8.es\/wp-content\/uploads\/2024\/02\/rocodromo-fuente-alamo-1536x544.jpg 1536w\" data-sizes=\"auto\" data-orig-sizes=\"(max-width: 1024px) 100vw, 1024px\" \/><\/strong><\/p>&#13;\n<p>\u00a0<\/p>&#13;\n<p>\u00a0<\/p>&#13;\n<p>\u00a0<\/p>&#13;\n","protected":false},"excerpt":{"rendered":"<p>&#13; INSTALA\u00c7\u00c3O DE PAREDES DE ESCALADA, GENERALIDADES &#13; O que  [&#8230;]<\/p>\n","protected":false},"author":1,"featured_media":1840,"comment_status":"closed","ping_status":"open","sticky":false,"template":"","format":"standard","meta":{"_joinchat":[],"footnotes":""},"categories":[248],"tags":[],"class_list":["post-4726","post","type-post","status-publish","format-standard","has-post-thumbnail","hentry","category-blogue"],"yoast_head":"<!-- This site is optimized with the Yoast SEO plugin v27.5 - https:\/\/yoast.com\/product\/yoast-seo-wordpress\/ -->\n<title>Instala\u00e7\u00e3o de paredes de escalada em escolas e col\u00e9gios. Empresa - Presas G8 - Presas de escalada para roc\u00f3dromo<\/title>\n<meta name=\"description\" content=\"Instala\u00e7\u00e3o de paredes de escalada em escolas e centros educativos, centros desportivos. Pre\u00e7os econ\u00f3micos. Empresa de constru\u00e7\u00e3o de paredes de escalada\" \/>\n<meta name=\"robots\" content=\"index, follow, max-snippet:-1, max-image-preview:large, max-video-preview:-1\" \/>\n<link rel=\"canonical\" href=\"https:\/\/www.presasg8.es\/pt-pt\/instalacao-de-paredes-de-escalada-em-escolas-e-colegios-empresa\/\" \/>\n<meta property=\"og:locale\" content=\"pt_PT\" \/>\n<meta property=\"og:type\" content=\"article\" \/>\n<meta property=\"og:title\" content=\"Instala\u00e7\u00e3o de paredes de escalada em escolas e col\u00e9gios. Empresa - Presas G8 - Presas de escalada para roc\u00f3dromo\" \/>\n<meta property=\"og:description\" content=\"Instala\u00e7\u00e3o de paredes de escalada em escolas e centros educativos, centros desportivos. Pre\u00e7os econ\u00f3micos. Empresa de constru\u00e7\u00e3o de paredes de escalada\" \/>\n<meta property=\"og:url\" content=\"https:\/\/www.presasg8.es\/pt-pt\/instalacao-de-paredes-de-escalada-em-escolas-e-colegios-empresa\/\" \/>\n<meta property=\"og:site_name\" content=\"Presas G8 - Presas de escalada para roc\u00f3dromo\" \/>\n<meta property=\"article:publisher\" content=\"https:\/\/www.facebook.com\/presasescaladag8\/\" \/>\n<meta property=\"article:published_time\" content=\"2024-02-15T09:59:13+00:00\" \/>\n<meta property=\"article:modified_time\" content=\"2026-04-21T05:13:11+00:00\" \/>\n<meta property=\"og:image\" content=\"https:\/\/www.presasg8.es\/wp-content\/uploads\/2024\/02\/rocodromo-colegio-alfadali-1024x576-1.jpg\" \/>\n\t<meta property=\"og:image:width\" content=\"1024\" \/>\n\t<meta property=\"og:image:height\" content=\"576\" \/>\n\t<meta property=\"og:image:type\" content=\"image\/jpeg\" \/>\n<meta name=\"author\" content=\"nuteco\" \/>\n<meta name=\"twitter:card\" content=\"summary_large_image\" \/>\n<meta name=\"twitter:label1\" content=\"Escrito por\" \/>\n\t<meta name=\"twitter:data1\" content=\"nuteco\" \/>\n\t<meta name=\"twitter:label2\" content=\"Tempo estimado de leitura\" \/>\n\t<meta name=\"twitter:data2\" content=\"5 minutos\" \/>\n<script type=\"application\/ld+json\" class=\"yoast-schema-graph\">{\"@context\":\"https:\\\/\\\/schema.org\",\"@graph\":[{\"@type\":\"Article\",\"@id\":\"https:\\\/\\\/www.presasg8.es\\\/pt-pt\\\/instalacao-de-paredes-de-escalada-em-escolas-e-colegios-empresa\\\/#article\",\"isPartOf\":{\"@id\":\"https:\\\/\\\/www.presasg8.es\\\/pt-pt\\\/instalacao-de-paredes-de-escalada-em-escolas-e-colegios-empresa\\\/\"},\"author\":{\"name\":\"nuteco\",\"@id\":\"https:\\\/\\\/www.presasg8.es\\\/pt-pt\\\/#\\\/schema\\\/person\\\/31ed7e49e880593df7ccabf7c4ec8951\"},\"headline\":\"Instala\u00e7\u00e3o de paredes de escalada em escolas e col\u00e9gios. Empresa\",\"datePublished\":\"2024-02-15T09:59:13+00:00\",\"dateModified\":\"2026-04-21T05:13:11+00:00\",\"mainEntityOfPage\":{\"@id\":\"https:\\\/\\\/www.presasg8.es\\\/pt-pt\\\/instalacao-de-paredes-de-escalada-em-escolas-e-colegios-empresa\\\/\"},\"wordCount\":1105,\"publisher\":{\"@id\":\"https:\\\/\\\/www.presasg8.es\\\/pt-pt\\\/#organization\"},\"image\":{\"@id\":\"https:\\\/\\\/www.presasg8.es\\\/pt-pt\\\/instalacao-de-paredes-de-escalada-em-escolas-e-colegios-empresa\\\/#primaryimage\"},\"thumbnailUrl\":\"https:\\\/\\\/www.presasg8.es\\\/wp-content\\\/uploads\\\/2024\\\/02\\\/rocodromo-colegio-alfadali-1024x576-1.jpg\",\"articleSection\":[\"Blogue\"],\"inLanguage\":\"pt-PT\"},{\"@type\":\"WebPage\",\"@id\":\"https:\\\/\\\/www.presasg8.es\\\/pt-pt\\\/instalacao-de-paredes-de-escalada-em-escolas-e-colegios-empresa\\\/\",\"url\":\"https:\\\/\\\/www.presasg8.es\\\/pt-pt\\\/instalacao-de-paredes-de-escalada-em-escolas-e-colegios-empresa\\\/\",\"name\":\"Instala\u00e7\u00e3o de paredes de escalada em escolas e col\u00e9gios. Empresa - Presas G8 - Presas de escalada para roc\u00f3dromo\",\"isPartOf\":{\"@id\":\"https:\\\/\\\/www.presasg8.es\\\/pt-pt\\\/#website\"},\"primaryImageOfPage\":{\"@id\":\"https:\\\/\\\/www.presasg8.es\\\/pt-pt\\\/instalacao-de-paredes-de-escalada-em-escolas-e-colegios-empresa\\\/#primaryimage\"},\"image\":{\"@id\":\"https:\\\/\\\/www.presasg8.es\\\/pt-pt\\\/instalacao-de-paredes-de-escalada-em-escolas-e-colegios-empresa\\\/#primaryimage\"},\"thumbnailUrl\":\"https:\\\/\\\/www.presasg8.es\\\/wp-content\\\/uploads\\\/2024\\\/02\\\/rocodromo-colegio-alfadali-1024x576-1.jpg\",\"datePublished\":\"2024-02-15T09:59:13+00:00\",\"dateModified\":\"2026-04-21T05:13:11+00:00\",\"description\":\"Instala\u00e7\u00e3o de paredes de escalada em escolas e centros educativos, centros desportivos. Pre\u00e7os econ\u00f3micos. Empresa de constru\u00e7\u00e3o de paredes de escalada\",\"breadcrumb\":{\"@id\":\"https:\\\/\\\/www.presasg8.es\\\/pt-pt\\\/instalacao-de-paredes-de-escalada-em-escolas-e-colegios-empresa\\\/#breadcrumb\"},\"inLanguage\":\"pt-PT\",\"potentialAction\":[{\"@type\":\"ReadAction\",\"target\":[\"https:\\\/\\\/www.presasg8.es\\\/pt-pt\\\/instalacao-de-paredes-de-escalada-em-escolas-e-colegios-empresa\\\/\"]}]},{\"@type\":\"ImageObject\",\"inLanguage\":\"pt-PT\",\"@id\":\"https:\\\/\\\/www.presasg8.es\\\/pt-pt\\\/instalacao-de-paredes-de-escalada-em-escolas-e-colegios-empresa\\\/#primaryimage\",\"url\":\"https:\\\/\\\/www.presasg8.es\\\/wp-content\\\/uploads\\\/2024\\\/02\\\/rocodromo-colegio-alfadali-1024x576-1.jpg\",\"contentUrl\":\"https:\\\/\\\/www.presasg8.es\\\/wp-content\\\/uploads\\\/2024\\\/02\\\/rocodromo-colegio-alfadali-1024x576-1.jpg\",\"width\":1024,\"height\":576},{\"@type\":\"BreadcrumbList\",\"@id\":\"https:\\\/\\\/www.presasg8.es\\\/pt-pt\\\/instalacao-de-paredes-de-escalada-em-escolas-e-colegios-empresa\\\/#breadcrumb\",\"itemListElement\":[{\"@type\":\"ListItem\",\"position\":1,\"name\":\"Portada\",\"item\":\"https:\\\/\\\/www.presasg8.es\\\/pt-pt\\\/\"},{\"@type\":\"ListItem\",\"position\":2,\"name\":\"Instala\u00e7\u00e3o de paredes de escalada em escolas e col\u00e9gios. Empresa\"}]},{\"@type\":\"WebSite\",\"@id\":\"https:\\\/\\\/www.presasg8.es\\\/pt-pt\\\/#website\",\"url\":\"https:\\\/\\\/www.presasg8.es\\\/pt-pt\\\/\",\"name\":\"Presas de escalada G8\",\"description\":\"Tienda online de Presas de escalada para roc\u00f3dromo\",\"publisher\":{\"@id\":\"https:\\\/\\\/www.presasg8.es\\\/pt-pt\\\/#organization\"},\"alternateName\":\"Presas de escalada para roc\u00f3dromo\",\"potentialAction\":[{\"@type\":\"SearchAction\",\"target\":{\"@type\":\"EntryPoint\",\"urlTemplate\":\"https:\\\/\\\/www.presasg8.es\\\/pt-pt\\\/?s={search_term_string}\"},\"query-input\":{\"@type\":\"PropertyValueSpecification\",\"valueRequired\":true,\"valueName\":\"search_term_string\"}}],\"inLanguage\":\"pt-PT\"},{\"@type\":\"Organization\",\"@id\":\"https:\\\/\\\/www.presasg8.es\\\/pt-pt\\\/#organization\",\"name\":\"Presas de escalada G8\",\"alternateName\":\"Presas de escalada para roc\u00f3dromo G8\",\"url\":\"https:\\\/\\\/www.presasg8.es\\\/pt-pt\\\/\",\"logo\":{\"@type\":\"ImageObject\",\"inLanguage\":\"pt-PT\",\"@id\":\"https:\\\/\\\/www.presasg8.es\\\/pt-pt\\\/#\\\/schema\\\/logo\\\/image\\\/\",\"url\":\"https:\\\/\\\/www.presasg8.es\\\/wp-content\\\/uploads\\\/2023\\\/09\\\/logo-presas-g8.jpeg\",\"contentUrl\":\"https:\\\/\\\/www.presasg8.es\\\/wp-content\\\/uploads\\\/2023\\\/09\\\/logo-presas-g8.jpeg\",\"width\":400,\"height\":486,\"caption\":\"Presas de escalada G8\"},\"image\":{\"@id\":\"https:\\\/\\\/www.presasg8.es\\\/pt-pt\\\/#\\\/schema\\\/logo\\\/image\\\/\"},\"sameAs\":[\"https:\\\/\\\/www.facebook.com\\\/presasescaladag8\\\/\",\"https:\\\/\\\/www.instagram.com\\\/presasg8\\\/\"]},{\"@type\":\"Person\",\"@id\":\"https:\\\/\\\/www.presasg8.es\\\/pt-pt\\\/#\\\/schema\\\/person\\\/31ed7e49e880593df7ccabf7c4ec8951\",\"name\":\"nuteco\",\"sameAs\":[\"https:\\\/\\\/www.presasg8.es\"]}]}<\/script>\n<!-- \/ Yoast SEO plugin. -->","yoast_head_json":{"title":"Instala\u00e7\u00e3o de paredes de escalada em escolas e col\u00e9gios. Empresa - Presas G8 - Presas de escalada para roc\u00f3dromo","description":"Instala\u00e7\u00e3o de paredes de escalada em escolas e centros educativos, centros desportivos. Pre\u00e7os econ\u00f3micos. Empresa de constru\u00e7\u00e3o de paredes de escalada","robots":{"index":"index","follow":"follow","max-snippet":"max-snippet:-1","max-image-preview":"max-image-preview:large","max-video-preview":"max-video-preview:-1"},"canonical":"https:\/\/www.presasg8.es\/pt-pt\/instalacao-de-paredes-de-escalada-em-escolas-e-colegios-empresa\/","og_locale":"pt_PT","og_type":"article","og_title":"Instala\u00e7\u00e3o de paredes de escalada em escolas e col\u00e9gios. Empresa - Presas G8 - Presas de escalada para roc\u00f3dromo","og_description":"Instala\u00e7\u00e3o de paredes de escalada em escolas e centros educativos, centros desportivos. Pre\u00e7os econ\u00f3micos. Empresa de constru\u00e7\u00e3o de paredes de escalada","og_url":"https:\/\/www.presasg8.es\/pt-pt\/instalacao-de-paredes-de-escalada-em-escolas-e-colegios-empresa\/","og_site_name":"Presas G8 - Presas de escalada para roc\u00f3dromo","article_publisher":"https:\/\/www.facebook.com\/presasescaladag8\/","article_published_time":"2024-02-15T09:59:13+00:00","article_modified_time":"2026-04-21T05:13:11+00:00","og_image":[{"width":1024,"height":576,"url":"https:\/\/www.presasg8.es\/wp-content\/uploads\/2024\/02\/rocodromo-colegio-alfadali-1024x576-1.jpg","type":"image\/jpeg"}],"author":"nuteco","twitter_card":"summary_large_image","twitter_misc":{"Escrito por":"nuteco","Tempo estimado de leitura":"5 minutos"},"schema":{"@context":"https:\/\/schema.org","@graph":[{"@type":"Article","@id":"https:\/\/www.presasg8.es\/pt-pt\/instalacao-de-paredes-de-escalada-em-escolas-e-colegios-empresa\/#article","isPartOf":{"@id":"https:\/\/www.presasg8.es\/pt-pt\/instalacao-de-paredes-de-escalada-em-escolas-e-colegios-empresa\/"},"author":{"name":"nuteco","@id":"https:\/\/www.presasg8.es\/pt-pt\/#\/schema\/person\/31ed7e49e880593df7ccabf7c4ec8951"},"headline":"Instala\u00e7\u00e3o de paredes de escalada em escolas e col\u00e9gios. Empresa","datePublished":"2024-02-15T09:59:13+00:00","dateModified":"2026-04-21T05:13:11+00:00","mainEntityOfPage":{"@id":"https:\/\/www.presasg8.es\/pt-pt\/instalacao-de-paredes-de-escalada-em-escolas-e-colegios-empresa\/"},"wordCount":1105,"publisher":{"@id":"https:\/\/www.presasg8.es\/pt-pt\/#organization"},"image":{"@id":"https:\/\/www.presasg8.es\/pt-pt\/instalacao-de-paredes-de-escalada-em-escolas-e-colegios-empresa\/#primaryimage"},"thumbnailUrl":"https:\/\/www.presasg8.es\/wp-content\/uploads\/2024\/02\/rocodromo-colegio-alfadali-1024x576-1.jpg","articleSection":["Blogue"],"inLanguage":"pt-PT"},{"@type":"WebPage","@id":"https:\/\/www.presasg8.es\/pt-pt\/instalacao-de-paredes-de-escalada-em-escolas-e-colegios-empresa\/","url":"https:\/\/www.presasg8.es\/pt-pt\/instalacao-de-paredes-de-escalada-em-escolas-e-colegios-empresa\/","name":"Instala\u00e7\u00e3o de paredes de escalada em escolas e col\u00e9gios. Empresa - Presas G8 - Presas de escalada para roc\u00f3dromo","isPartOf":{"@id":"https:\/\/www.presasg8.es\/pt-pt\/#website"},"primaryImageOfPage":{"@id":"https:\/\/www.presasg8.es\/pt-pt\/instalacao-de-paredes-de-escalada-em-escolas-e-colegios-empresa\/#primaryimage"},"image":{"@id":"https:\/\/www.presasg8.es\/pt-pt\/instalacao-de-paredes-de-escalada-em-escolas-e-colegios-empresa\/#primaryimage"},"thumbnailUrl":"https:\/\/www.presasg8.es\/wp-content\/uploads\/2024\/02\/rocodromo-colegio-alfadali-1024x576-1.jpg","datePublished":"2024-02-15T09:59:13+00:00","dateModified":"2026-04-21T05:13:11+00:00","description":"Instala\u00e7\u00e3o de paredes de escalada em escolas e centros educativos, centros desportivos. Pre\u00e7os econ\u00f3micos. Empresa de constru\u00e7\u00e3o de paredes de escalada","breadcrumb":{"@id":"https:\/\/www.presasg8.es\/pt-pt\/instalacao-de-paredes-de-escalada-em-escolas-e-colegios-empresa\/#breadcrumb"},"inLanguage":"pt-PT","potentialAction":[{"@type":"ReadAction","target":["https:\/\/www.presasg8.es\/pt-pt\/instalacao-de-paredes-de-escalada-em-escolas-e-colegios-empresa\/"]}]},{"@type":"ImageObject","inLanguage":"pt-PT","@id":"https:\/\/www.presasg8.es\/pt-pt\/instalacao-de-paredes-de-escalada-em-escolas-e-colegios-empresa\/#primaryimage","url":"https:\/\/www.presasg8.es\/wp-content\/uploads\/2024\/02\/rocodromo-colegio-alfadali-1024x576-1.jpg","contentUrl":"https:\/\/www.presasg8.es\/wp-content\/uploads\/2024\/02\/rocodromo-colegio-alfadali-1024x576-1.jpg","width":1024,"height":576},{"@type":"BreadcrumbList","@id":"https:\/\/www.presasg8.es\/pt-pt\/instalacao-de-paredes-de-escalada-em-escolas-e-colegios-empresa\/#breadcrumb","itemListElement":[{"@type":"ListItem","position":1,"name":"Portada","item":"https:\/\/www.presasg8.es\/pt-pt\/"},{"@type":"ListItem","position":2,"name":"Instala\u00e7\u00e3o de paredes de escalada em escolas e col\u00e9gios. Empresa"}]},{"@type":"WebSite","@id":"https:\/\/www.presasg8.es\/pt-pt\/#website","url":"https:\/\/www.presasg8.es\/pt-pt\/","name":"Presas de escalada G8","description":"Tienda online de Presas de escalada para roc\u00f3dromo","publisher":{"@id":"https:\/\/www.presasg8.es\/pt-pt\/#organization"},"alternateName":"Presas de escalada para roc\u00f3dromo","potentialAction":[{"@type":"SearchAction","target":{"@type":"EntryPoint","urlTemplate":"https:\/\/www.presasg8.es\/pt-pt\/?s={search_term_string}"},"query-input":{"@type":"PropertyValueSpecification","valueRequired":true,"valueName":"search_term_string"}}],"inLanguage":"pt-PT"},{"@type":"Organization","@id":"https:\/\/www.presasg8.es\/pt-pt\/#organization","name":"Presas de escalada G8","alternateName":"Presas de escalada para roc\u00f3dromo G8","url":"https:\/\/www.presasg8.es\/pt-pt\/","logo":{"@type":"ImageObject","inLanguage":"pt-PT","@id":"https:\/\/www.presasg8.es\/pt-pt\/#\/schema\/logo\/image\/","url":"https:\/\/www.presasg8.es\/wp-content\/uploads\/2023\/09\/logo-presas-g8.jpeg","contentUrl":"https:\/\/www.presasg8.es\/wp-content\/uploads\/2023\/09\/logo-presas-g8.jpeg","width":400,"height":486,"caption":"Presas de escalada G8"},"image":{"@id":"https:\/\/www.presasg8.es\/pt-pt\/#\/schema\/logo\/image\/"},"sameAs":["https:\/\/www.facebook.com\/presasescaladag8\/","https:\/\/www.instagram.com\/presasg8\/"]},{"@type":"Person","@id":"https:\/\/www.presasg8.es\/pt-pt\/#\/schema\/person\/31ed7e49e880593df7ccabf7c4ec8951","name":"nuteco","sameAs":["https:\/\/www.presasg8.es"]}]}},"_links":{"self":[{"href":"https:\/\/www.presasg8.es\/pt-pt\/wp-json\/wp\/v2\/posts\/4726","targetHints":{"allow":["GET"]}}],"collection":[{"href":"https:\/\/www.presasg8.es\/pt-pt\/wp-json\/wp\/v2\/posts"}],"about":[{"href":"https:\/\/www.presasg8.es\/pt-pt\/wp-json\/wp\/v2\/types\/post"}],"author":[{"embeddable":true,"href":"https:\/\/www.presasg8.es\/pt-pt\/wp-json\/wp\/v2\/users\/1"}],"replies":[{"embeddable":true,"href":"https:\/\/www.presasg8.es\/pt-pt\/wp-json\/wp\/v2\/comments?post=4726"}],"version-history":[{"count":4,"href":"https:\/\/www.presasg8.es\/pt-pt\/wp-json\/wp\/v2\/posts\/4726\/revisions"}],"predecessor-version":[{"id":8710,"href":"https:\/\/www.presasg8.es\/pt-pt\/wp-json\/wp\/v2\/posts\/4726\/revisions\/8710"}],"wp:featuredmedia":[{"embeddable":true,"href":"https:\/\/www.presasg8.es\/pt-pt\/wp-json\/wp\/v2\/media\/1840"}],"wp:attachment":[{"href":"https:\/\/www.presasg8.es\/pt-pt\/wp-json\/wp\/v2\/media?parent=4726"}],"wp:term":[{"taxonomy":"category","embeddable":true,"href":"https:\/\/www.presasg8.es\/pt-pt\/wp-json\/wp\/v2\/categories?post=4726"},{"taxonomy":"post_tag","embeddable":true,"href":"https:\/\/www.presasg8.es\/pt-pt\/wp-json\/wp\/v2\/tags?post=4726"}],"curies":[{"name":"wp","href":"https:\/\/api.w.org\/{rel}","templated":true}]}}