{"id":4728,"date":"2020-02-15T11:57:34","date_gmt":"2020-02-15T10:57:34","guid":{"rendered":"https:\/\/www.presasg8.es\/arrampicata-a-tokyo-2020\/"},"modified":"2020-02-15T11:57:34","modified_gmt":"2020-02-15T10:57:34","slug":"arrampicata-a-tokyo-2020","status":"publish","type":"post","link":"https:\/\/www.presasg8.es\/it\/arrampicata-a-tokyo-2020\/","title":{"rendered":"ARRAMPICATA A TOKYO 2020"},"content":{"rendered":"<p>Come molti di noi sapranno, l&#8217;arrampicata sar\u00e0 uno sport olimpico a Tokyo 2020 e avr\u00e0 3 modalit\u00e0 per scegliere il climber pi\u00f9 versatile del pianeta.<\/p>\n<p>Le tre modalit\u00e0 in cui sar\u00e0 suddivisa la disciplina saranno le seguenti:<\/p>\n<ul>\n<li><strong>Prova di bouldering<\/strong> (chiamata anche bouldering o arrampicata a blocchi). In questa prova i partecipanti dovranno risolvere movimenti estremamente difficili su una parete o un pannello di altezza non superiore a 5 metri. Arrampicata senza corda con difficolt\u00e0 tra 8a-8b boulder<\/li>\n<li><strong>Modalit\u00e0 velocit\u00e0<\/strong>  (la pi\u00f9 visiva e meno complicata) l&#8217;arrampicata su prese gi\u00e0 conosciute dagli scalatori, dove la velocit\u00e0 di salita lungo la via \u00e8 la cosa pi\u00f9 importante, per noi \u00e8 l&#8217;arrampicata meno pura di questo sport, perch\u00e9 non \u00e8 assolutamente trasferibile all&#8217;arrampicata in ambiente naturale.<\/li>\n<li><strong>Prove di difficolt\u00e0 o di lead climbing<\/strong>, la prova che pi\u00f9 si avvicina all&#8217;arrampicata su roccia o in parete, anche se la lunghezza delle vie non supera i 15-20 metri di altezza, arrampicando con corde e soste.<\/li>\n<\/ul>\n<p>Al giorno d&#8217;oggi, gli arrampicatori tendono a concentrarsi sulle due modalit\u00e0 principali, che sono l&#8217;arrampicata su difficolt\u00e0 e il bouldering. L&#8217;arrampicata di velocit\u00e0 comprende gli arrampicatori che non hanno un certo livello di arrampicata su roccia, ma hanno un certo livello di velocit\u00e0, motivo per cui questa disciplina \u00e8 stata molto discussa nel mondo dell&#8217;arrampicata, ma il CIO la regola.<\/p>\n<p class=\"has-medium-font-size\"><strong>Arrampicata e arrampicata in Spagna<\/strong><\/p>\n<p>Negli ultimi anni la Spagna \u00e8 stata uno dei Paesi con la maggiore cultura dell&#8217;arrampicata sportiva e molti importanti scalatori hanno descritto la nostra penisola come una mecca dell&#8217;arrampicata sportiva.<\/p>\n<p>Zone di arrampicata come La Pedriza, Cuenca, Oliana, Margalef, Siurana, Rodellar, El Chorro, Montanejos, Riglos, Naranjo de Bulnes, Chulilla, Albarrac\u00edn. sono state visitate da innumerevoli arrampicatori provenienti da tutto il mondo e sono state la scuola di fortissimi arrampicatori spagnoli come: Bernab\u00e9 Fern\u00e1ndez, Rikar Otegui, Ram\u00f3n Juli\u00e1n, Patxi Usobiaga, Dani Andrada, Edu Mar\u00edn, Iker Pou, Luis Alfonso Felix, Pablo Barbero, Iban Larri\u00f3n, Dani fuertes, Jorge Diaz-Rulo, Gonzalo Larrocha, Gerard Rull, Josune Bereciartu, Berta Mart\u00edn, Esther Bullido, Eva Lopez, Andrea Cartas, Mar Alvarez, Eilleen Jubes, Daila Ojeda e innumerevoli altri scalatori che sono rimasti fuori.<\/p>\n<p>\u00c8 un peccato non aver potuto vedere questi mostri gareggiare alle Olimpiadi, perch\u00e9 molti di loro non sono pi\u00f9 al meglio a causa dell&#8217;et\u00e0 o di infortuni cronici, e ci avrebbero dato molta gioia.<\/p>\n<p class=\"has-medium-font-size\"><strong>La grande speranza della Spagna<\/strong><\/p>\n<p>Nonostante i suddetti scalatori non parteciperanno alle Olimpiadi di Tokyo 2020, il giovanissimo diciassettenne di C\u00e1ceres, <strong>Alberto Gin\u00e9s<\/strong>, \u00e8 riuscito a qualificarsi per competere con i pi\u00f9 grandi scalatori di oggi. Da qui vi auguriamo la migliore fortuna, tranquillit\u00e0, nervi d&#8217;acciaio e catene.<\/p>\n<p>Si dice che nonostante la sua giovane et\u00e0 le sue virt\u00f9 siano la maturit\u00e0 e la calma, speriamo di vederlo in cima al podio, in bocca al lupo!<\/p>\n<p>&nbsp;<\/p>\n<figure class=\"wp-block-image size-large is-style-circle-mask\"><\/figure>\n<h3>Gli altri atleti qualificati saranno:<\/h3>\n<p>Uomini:<\/p>\n<ul>\n<li>1. Tomoa Narasaki (Giappone)<\/li>\n<li>2. Jakob Schubert (Austria)<\/li>\n<li>3. Rishat Khaibullin (Kazakistan)<\/li>\n<li>4. Kai Harada (Giappone)<\/li>\n<li>5. Mickael Mawem (Francia)<\/li>\n<li>6. Alex Megos (Germania)<\/li>\n<li>7. Ludovico Fossali (Italia)<\/li>\n<li>8. Sean McColl (Canada)<\/li>\n<li>9. Adam Ondra (Repubblica Ceca)<\/li>\n<li>10. Bassa Mawem (Francia)<\/li>\n<li>11. Jan Hojer (Germania)<\/li>\n<li>12. YuFei Pan (Cina)<\/li>\n<li>13. <strong>Alberto Gin\u00e9s (Spagna)<\/strong><\/li>\n<li>14. Nathaniel Coleman (USA)<\/li>\n<\/ul>\n<p>Donne:<\/p>\n<ul>\n<li>1. Janja Garnbret (Slovenia)<\/li>\n<li>2. Akiyo Noguchi (Giappone)<\/li>\n<li>3. Shauna Coxsey (Regno Unito)<\/li>\n<li>4. Aleksandra Miroslaw (Polonia)<\/li>\n<li>5. Miho Nonaka (Giappone)<\/li>\n<li>6. Petra Klingler (Svizzera)<\/li>\n<li>7. Brooke Raboutou (USA)<\/li>\n<li>8. Jessica Pilz (Austria)<\/li>\n<li>9. Julia Chanourdie (Francia)<\/li>\n<li>10. Mia Krampl (Slovenia)<\/li>\n<li>11. Iuliia Kaplina (Russia)<\/li>\n<li>12. Kyra Condie (USA)<\/li>\n<li>13. Laura Rogora (Italia)<\/li>\n<li>14. YiLing Song (Cina)<\/li>\n<\/ul>\n<p class=\"has-medium-font-size\"><strong>Inizio dei test<\/strong><\/p>\n<p>Gli eventi si svolgeranno presso l&#8217;<em>Aomi Urban Sports Park di Tokyo<\/em> e le date saranno le seguenti:<\/p>\n<p>04\/08\/2020 dalle 17:00 alle 22:40 J.S.T. Classifica maschile.<\/p>\n<p>05\/08\/2020 dalle 17:00 alle 22:40 J.S.T. Classifica femminile.<\/p>\n<p>06\/08\/2020 dalle 17:00 alle 22:40 J.S.T. Finale maschile.<\/p>\n<p>07\/08\/20120dalle 17:00 alle 22:40 J.S.T. Finale femminile.<\/p>\n","protected":false},"excerpt":{"rendered":"<p>Come molti di noi sapranno, l&#8217;arrampicata sar\u00e0 uno sport olimpico  [&#8230;]<\/p>\n","protected":false},"author":1,"featured_media":1864,"comment_status":"closed","ping_status":"open","sticky":false,"template":"","format":"standard","meta":{"_joinchat":[],"footnotes":""},"categories":[247],"tags":[],"class_list":["post-4728","post","type-post","status-publish","format-standard","has-post-thumbnail","hentry","category-blog-it"],"yoast_head":"<!-- This site is optimized with the Yoast SEO plugin v27.5 - https:\/\/yoast.com\/product\/yoast-seo-wordpress\/ -->\n<title>ARRAMPICATA A TOKYO 2020 - Presas G8 - Presas de escalada para roc\u00f3dromo<\/title>\n<meta name=\"robots\" content=\"index, follow, max-snippet:-1, max-image-preview:large, max-video-preview:-1\" \/>\n<link rel=\"canonical\" href=\"https:\/\/www.presasg8.es\/it\/arrampicata-a-tokyo-2020\/\" \/>\n<meta property=\"og:locale\" content=\"it_IT\" \/>\n<meta property=\"og:type\" content=\"article\" \/>\n<meta property=\"og:title\" content=\"ARRAMPICATA A TOKYO 2020 - Presas G8 - Presas de escalada para roc\u00f3dromo\" \/>\n<meta property=\"og:description\" content=\"Come molti di noi sapranno, l&#8217;arrampicata sar\u00e0 uno sport olimpico [...]\" \/>\n<meta property=\"og:url\" content=\"https:\/\/www.presasg8.es\/it\/arrampicata-a-tokyo-2020\/\" \/>\n<meta property=\"og:site_name\" content=\"Presas G8 - Presas de escalada para roc\u00f3dromo\" \/>\n<meta property=\"article:publisher\" content=\"https:\/\/www.facebook.com\/presasescaladag8\/\" \/>\n<meta property=\"article:published_time\" content=\"2020-02-15T10:57:34+00:00\" \/>\n<meta property=\"og:image\" content=\"https:\/\/www.presasg8.es\/wp-content\/uploads\/2024\/02\/escalada-2020-1024x592-1.jpg\" \/>\n\t<meta property=\"og:image:width\" content=\"1024\" \/>\n\t<meta property=\"og:image:height\" content=\"592\" \/>\n\t<meta property=\"og:image:type\" content=\"image\/jpeg\" \/>\n<meta name=\"author\" content=\"nuteco\" \/>\n<meta name=\"twitter:card\" content=\"summary_large_image\" \/>\n<meta name=\"twitter:label1\" content=\"Scritto da\" \/>\n\t<meta name=\"twitter:data1\" content=\"nuteco\" \/>\n\t<meta name=\"twitter:label2\" content=\"Tempo di lettura stimato\" \/>\n\t<meta name=\"twitter:data2\" content=\"3 minuti\" \/>\n<script type=\"application\/ld+json\" class=\"yoast-schema-graph\">{\"@context\":\"https:\\\/\\\/schema.org\",\"@graph\":[{\"@type\":\"Article\",\"@id\":\"https:\\\/\\\/www.presasg8.es\\\/it\\\/arrampicata-a-tokyo-2020\\\/#article\",\"isPartOf\":{\"@id\":\"https:\\\/\\\/www.presasg8.es\\\/it\\\/arrampicata-a-tokyo-2020\\\/\"},\"author\":{\"name\":\"nuteco\",\"@id\":\"https:\\\/\\\/www.presasg8.es\\\/it\\\/#\\\/schema\\\/person\\\/31ed7e49e880593df7ccabf7c4ec8951\"},\"headline\":\"ARRAMPICATA A TOKYO 2020\",\"datePublished\":\"2020-02-15T10:57:34+00:00\",\"mainEntityOfPage\":{\"@id\":\"https:\\\/\\\/www.presasg8.es\\\/it\\\/arrampicata-a-tokyo-2020\\\/\"},\"wordCount\":619,\"publisher\":{\"@id\":\"https:\\\/\\\/www.presasg8.es\\\/it\\\/#organization\"},\"image\":{\"@id\":\"https:\\\/\\\/www.presasg8.es\\\/it\\\/arrampicata-a-tokyo-2020\\\/#primaryimage\"},\"thumbnailUrl\":\"https:\\\/\\\/www.presasg8.es\\\/wp-content\\\/uploads\\\/2024\\\/02\\\/escalada-2020-1024x592-1.jpg\",\"articleSection\":[\"Blog\"],\"inLanguage\":\"it-IT\"},{\"@type\":\"WebPage\",\"@id\":\"https:\\\/\\\/www.presasg8.es\\\/it\\\/arrampicata-a-tokyo-2020\\\/\",\"url\":\"https:\\\/\\\/www.presasg8.es\\\/it\\\/arrampicata-a-tokyo-2020\\\/\",\"name\":\"ARRAMPICATA A TOKYO 2020 - Presas G8 - Presas de escalada para roc\u00f3dromo\",\"isPartOf\":{\"@id\":\"https:\\\/\\\/www.presasg8.es\\\/it\\\/#website\"},\"primaryImageOfPage\":{\"@id\":\"https:\\\/\\\/www.presasg8.es\\\/it\\\/arrampicata-a-tokyo-2020\\\/#primaryimage\"},\"image\":{\"@id\":\"https:\\\/\\\/www.presasg8.es\\\/it\\\/arrampicata-a-tokyo-2020\\\/#primaryimage\"},\"thumbnailUrl\":\"https:\\\/\\\/www.presasg8.es\\\/wp-content\\\/uploads\\\/2024\\\/02\\\/escalada-2020-1024x592-1.jpg\",\"datePublished\":\"2020-02-15T10:57:34+00:00\",\"breadcrumb\":{\"@id\":\"https:\\\/\\\/www.presasg8.es\\\/it\\\/arrampicata-a-tokyo-2020\\\/#breadcrumb\"},\"inLanguage\":\"it-IT\",\"potentialAction\":[{\"@type\":\"ReadAction\",\"target\":[\"https:\\\/\\\/www.presasg8.es\\\/it\\\/arrampicata-a-tokyo-2020\\\/\"]}]},{\"@type\":\"ImageObject\",\"inLanguage\":\"it-IT\",\"@id\":\"https:\\\/\\\/www.presasg8.es\\\/it\\\/arrampicata-a-tokyo-2020\\\/#primaryimage\",\"url\":\"https:\\\/\\\/www.presasg8.es\\\/wp-content\\\/uploads\\\/2024\\\/02\\\/escalada-2020-1024x592-1.jpg\",\"contentUrl\":\"https:\\\/\\\/www.presasg8.es\\\/wp-content\\\/uploads\\\/2024\\\/02\\\/escalada-2020-1024x592-1.jpg\",\"width\":1024,\"height\":592},{\"@type\":\"BreadcrumbList\",\"@id\":\"https:\\\/\\\/www.presasg8.es\\\/it\\\/arrampicata-a-tokyo-2020\\\/#breadcrumb\",\"itemListElement\":[{\"@type\":\"ListItem\",\"position\":1,\"name\":\"Portada\",\"item\":\"https:\\\/\\\/www.presasg8.es\\\/it\\\/\"},{\"@type\":\"ListItem\",\"position\":2,\"name\":\"ARRAMPICATA A TOKYO 2020\"}]},{\"@type\":\"WebSite\",\"@id\":\"https:\\\/\\\/www.presasg8.es\\\/it\\\/#website\",\"url\":\"https:\\\/\\\/www.presasg8.es\\\/it\\\/\",\"name\":\"Presas de escalada G8\",\"description\":\"Tienda online de Presas de escalada para roc\u00f3dromo\",\"publisher\":{\"@id\":\"https:\\\/\\\/www.presasg8.es\\\/it\\\/#organization\"},\"alternateName\":\"Presas de escalada para roc\u00f3dromo\",\"potentialAction\":[{\"@type\":\"SearchAction\",\"target\":{\"@type\":\"EntryPoint\",\"urlTemplate\":\"https:\\\/\\\/www.presasg8.es\\\/it\\\/?s={search_term_string}\"},\"query-input\":{\"@type\":\"PropertyValueSpecification\",\"valueRequired\":true,\"valueName\":\"search_term_string\"}}],\"inLanguage\":\"it-IT\"},{\"@type\":\"Organization\",\"@id\":\"https:\\\/\\\/www.presasg8.es\\\/it\\\/#organization\",\"name\":\"Presas de escalada G8\",\"alternateName\":\"Presas de escalada para roc\u00f3dromo G8\",\"url\":\"https:\\\/\\\/www.presasg8.es\\\/it\\\/\",\"logo\":{\"@type\":\"ImageObject\",\"inLanguage\":\"it-IT\",\"@id\":\"https:\\\/\\\/www.presasg8.es\\\/it\\\/#\\\/schema\\\/logo\\\/image\\\/\",\"url\":\"https:\\\/\\\/www.presasg8.es\\\/wp-content\\\/uploads\\\/2023\\\/09\\\/logo-presas-g8.jpeg\",\"contentUrl\":\"https:\\\/\\\/www.presasg8.es\\\/wp-content\\\/uploads\\\/2023\\\/09\\\/logo-presas-g8.jpeg\",\"width\":400,\"height\":486,\"caption\":\"Presas de escalada G8\"},\"image\":{\"@id\":\"https:\\\/\\\/www.presasg8.es\\\/it\\\/#\\\/schema\\\/logo\\\/image\\\/\"},\"sameAs\":[\"https:\\\/\\\/www.facebook.com\\\/presasescaladag8\\\/\",\"https:\\\/\\\/www.instagram.com\\\/presasg8\\\/\"]},{\"@type\":\"Person\",\"@id\":\"https:\\\/\\\/www.presasg8.es\\\/it\\\/#\\\/schema\\\/person\\\/31ed7e49e880593df7ccabf7c4ec8951\",\"name\":\"nuteco\",\"sameAs\":[\"https:\\\/\\\/www.presasg8.es\"]}]}<\/script>\n<!-- \/ Yoast SEO plugin. -->","yoast_head_json":{"title":"ARRAMPICATA A TOKYO 2020 - Presas G8 - Presas de escalada para roc\u00f3dromo","robots":{"index":"index","follow":"follow","max-snippet":"max-snippet:-1","max-image-preview":"max-image-preview:large","max-video-preview":"max-video-preview:-1"},"canonical":"https:\/\/www.presasg8.es\/it\/arrampicata-a-tokyo-2020\/","og_locale":"it_IT","og_type":"article","og_title":"ARRAMPICATA A TOKYO 2020 - Presas G8 - Presas de escalada para roc\u00f3dromo","og_description":"Come molti di noi sapranno, l&#8217;arrampicata sar\u00e0 uno sport olimpico [...]","og_url":"https:\/\/www.presasg8.es\/it\/arrampicata-a-tokyo-2020\/","og_site_name":"Presas G8 - Presas de escalada para roc\u00f3dromo","article_publisher":"https:\/\/www.facebook.com\/presasescaladag8\/","article_published_time":"2020-02-15T10:57:34+00:00","og_image":[{"width":1024,"height":592,"url":"https:\/\/www.presasg8.es\/wp-content\/uploads\/2024\/02\/escalada-2020-1024x592-1.jpg","type":"image\/jpeg"}],"author":"nuteco","twitter_card":"summary_large_image","twitter_misc":{"Scritto da":"nuteco","Tempo di lettura stimato":"3 minuti"},"schema":{"@context":"https:\/\/schema.org","@graph":[{"@type":"Article","@id":"https:\/\/www.presasg8.es\/it\/arrampicata-a-tokyo-2020\/#article","isPartOf":{"@id":"https:\/\/www.presasg8.es\/it\/arrampicata-a-tokyo-2020\/"},"author":{"name":"nuteco","@id":"https:\/\/www.presasg8.es\/it\/#\/schema\/person\/31ed7e49e880593df7ccabf7c4ec8951"},"headline":"ARRAMPICATA A TOKYO 2020","datePublished":"2020-02-15T10:57:34+00:00","mainEntityOfPage":{"@id":"https:\/\/www.presasg8.es\/it\/arrampicata-a-tokyo-2020\/"},"wordCount":619,"publisher":{"@id":"https:\/\/www.presasg8.es\/it\/#organization"},"image":{"@id":"https:\/\/www.presasg8.es\/it\/arrampicata-a-tokyo-2020\/#primaryimage"},"thumbnailUrl":"https:\/\/www.presasg8.es\/wp-content\/uploads\/2024\/02\/escalada-2020-1024x592-1.jpg","articleSection":["Blog"],"inLanguage":"it-IT"},{"@type":"WebPage","@id":"https:\/\/www.presasg8.es\/it\/arrampicata-a-tokyo-2020\/","url":"https:\/\/www.presasg8.es\/it\/arrampicata-a-tokyo-2020\/","name":"ARRAMPICATA A TOKYO 2020 - Presas G8 - Presas de escalada para roc\u00f3dromo","isPartOf":{"@id":"https:\/\/www.presasg8.es\/it\/#website"},"primaryImageOfPage":{"@id":"https:\/\/www.presasg8.es\/it\/arrampicata-a-tokyo-2020\/#primaryimage"},"image":{"@id":"https:\/\/www.presasg8.es\/it\/arrampicata-a-tokyo-2020\/#primaryimage"},"thumbnailUrl":"https:\/\/www.presasg8.es\/wp-content\/uploads\/2024\/02\/escalada-2020-1024x592-1.jpg","datePublished":"2020-02-15T10:57:34+00:00","breadcrumb":{"@id":"https:\/\/www.presasg8.es\/it\/arrampicata-a-tokyo-2020\/#breadcrumb"},"inLanguage":"it-IT","potentialAction":[{"@type":"ReadAction","target":["https:\/\/www.presasg8.es\/it\/arrampicata-a-tokyo-2020\/"]}]},{"@type":"ImageObject","inLanguage":"it-IT","@id":"https:\/\/www.presasg8.es\/it\/arrampicata-a-tokyo-2020\/#primaryimage","url":"https:\/\/www.presasg8.es\/wp-content\/uploads\/2024\/02\/escalada-2020-1024x592-1.jpg","contentUrl":"https:\/\/www.presasg8.es\/wp-content\/uploads\/2024\/02\/escalada-2020-1024x592-1.jpg","width":1024,"height":592},{"@type":"BreadcrumbList","@id":"https:\/\/www.presasg8.es\/it\/arrampicata-a-tokyo-2020\/#breadcrumb","itemListElement":[{"@type":"ListItem","position":1,"name":"Portada","item":"https:\/\/www.presasg8.es\/it\/"},{"@type":"ListItem","position":2,"name":"ARRAMPICATA A TOKYO 2020"}]},{"@type":"WebSite","@id":"https:\/\/www.presasg8.es\/it\/#website","url":"https:\/\/www.presasg8.es\/it\/","name":"Presas de escalada G8","description":"Tienda online de Presas de escalada para roc\u00f3dromo","publisher":{"@id":"https:\/\/www.presasg8.es\/it\/#organization"},"alternateName":"Presas de escalada para roc\u00f3dromo","potentialAction":[{"@type":"SearchAction","target":{"@type":"EntryPoint","urlTemplate":"https:\/\/www.presasg8.es\/it\/?s={search_term_string}"},"query-input":{"@type":"PropertyValueSpecification","valueRequired":true,"valueName":"search_term_string"}}],"inLanguage":"it-IT"},{"@type":"Organization","@id":"https:\/\/www.presasg8.es\/it\/#organization","name":"Presas de escalada G8","alternateName":"Presas de escalada para roc\u00f3dromo G8","url":"https:\/\/www.presasg8.es\/it\/","logo":{"@type":"ImageObject","inLanguage":"it-IT","@id":"https:\/\/www.presasg8.es\/it\/#\/schema\/logo\/image\/","url":"https:\/\/www.presasg8.es\/wp-content\/uploads\/2023\/09\/logo-presas-g8.jpeg","contentUrl":"https:\/\/www.presasg8.es\/wp-content\/uploads\/2023\/09\/logo-presas-g8.jpeg","width":400,"height":486,"caption":"Presas de escalada G8"},"image":{"@id":"https:\/\/www.presasg8.es\/it\/#\/schema\/logo\/image\/"},"sameAs":["https:\/\/www.facebook.com\/presasescaladag8\/","https:\/\/www.instagram.com\/presasg8\/"]},{"@type":"Person","@id":"https:\/\/www.presasg8.es\/it\/#\/schema\/person\/31ed7e49e880593df7ccabf7c4ec8951","name":"nuteco","sameAs":["https:\/\/www.presasg8.es"]}]}},"_links":{"self":[{"href":"https:\/\/www.presasg8.es\/it\/wp-json\/wp\/v2\/posts\/4728","targetHints":{"allow":["GET"]}}],"collection":[{"href":"https:\/\/www.presasg8.es\/it\/wp-json\/wp\/v2\/posts"}],"about":[{"href":"https:\/\/www.presasg8.es\/it\/wp-json\/wp\/v2\/types\/post"}],"author":[{"embeddable":true,"href":"https:\/\/www.presasg8.es\/it\/wp-json\/wp\/v2\/users\/1"}],"replies":[{"embeddable":true,"href":"https:\/\/www.presasg8.es\/it\/wp-json\/wp\/v2\/comments?post=4728"}],"version-history":[{"count":0,"href":"https:\/\/www.presasg8.es\/it\/wp-json\/wp\/v2\/posts\/4728\/revisions"}],"wp:featuredmedia":[{"embeddable":true,"href":"https:\/\/www.presasg8.es\/it\/wp-json\/wp\/v2\/media\/1864"}],"wp:attachment":[{"href":"https:\/\/www.presasg8.es\/it\/wp-json\/wp\/v2\/media?parent=4728"}],"wp:term":[{"taxonomy":"category","embeddable":true,"href":"https:\/\/www.presasg8.es\/it\/wp-json\/wp\/v2\/categories?post=4728"},{"taxonomy":"post_tag","embeddable":true,"href":"https:\/\/www.presasg8.es\/it\/wp-json\/wp\/v2\/tags?post=4728"}],"curies":[{"name":"wp","href":"https:\/\/api.w.org\/{rel}","templated":true}]}}