{"id":4717,"date":"2024-02-15T10:59:13","date_gmt":"2024-02-15T09:59:13","guid":{"rendered":"https:\/\/www.presasg8.es\/installation-de-murs-descalade-dans-les-ecoles-et-les-colleges-entreprise\/"},"modified":"2026-04-21T07:13:04","modified_gmt":"2026-04-21T05:13:04","slug":"installation-de-murs-descalade-dans-les-ecoles-et-les-colleges-entreprise","status":"publish","type":"post","link":"https:\/\/www.presasg8.es\/fr\/installation-de-murs-descalade-dans-les-ecoles-et-les-colleges-entreprise\/","title":{"rendered":"Installation de murs d&rsquo;escalade dans les \u00e9coles et les coll\u00e8ges. Entreprise"},"content":{"rendered":"&#13;\n<h2 class=\"wp-block-heading\">INSTALLATION DE MURS D&rsquo;ESCALADE, G\u00c9N\u00c9RALIT\u00c9S<\/h2>&#13;\n<h2 class=\"wp-block-heading has-black-color has-text-color has-background\" style=\"padding-left: 40px;\">Que dois-je faire si je souhaite installer un mur d&rsquo;escalade dans mon centre ?<\/h2>&#13;\n\r\n<ul class=\"wp-block-list\">\r\n<li style=\"list-style-type: none;\">\r\n<ul>&#13;\n<li>La premi\u00e8re chose \u00e0 faire est de trouver l&rsquo;<strong>endroit id\u00e9al<\/strong> pour la mat\u00e9rialisation du mur d&rsquo;escalade. Un endroit o\u00f9 il y a une surface suffisante pour au moins 10m2 d&rsquo;escalade. Normalement, dans les \u00e9coles et les lyc\u00e9es, le mur d&rsquo;escalade est construit dans le sens de la longueur et non en hauteur (hauteur maximale de 2,5\/3 m).  <\/li>&#13;\n&#13;\n&#13;\n&#13;\n&#13;\n<p>Il peut se trouver \u00e0 l&rsquo;int\u00e9rieur d&rsquo;un pavillon (les jours de pluie, vous pouvez y travailler sans probl\u00e8me) ou \u00e0 l&rsquo;ext\u00e9rieur (nos prises et nos ancrages sont pr\u00e9par\u00e9s pour r\u00e9sister aux intemp\u00e9ries).<\/p>&#13;\n\r\n<ul class=\"wp-block-list\">\r\n<li style=\"list-style-type: none;\">\r\n<ul>&#13;\n<li>La prochaine chose \u00e0 consid\u00e9rer est la <strong>dimension ou la surface<\/strong> que nous voulons couvrir. Pour les jeunes enfants \u00e2g\u00e9s de 4 \u00e0 10 ans, un mur d&rsquo;escalade de 5 \u00e0 8 m\u00e8tres lin\u00e9aires convient. Pour les enfants plus \u00e2g\u00e9s, entre 10 et 17 ans, un mur d&rsquo;escalade de 10 \u00e0 14 m\u00e8tres est recommand\u00e9.  <\/li>&#13;\n&#13;\n&#13;\n&#13;\n\r\n<ul class=\"wp-block-list\">\r\n<li style=\"list-style-type: none;\">\r\n<ul>&#13;\n<li>Le point suivant \u00e0 consid\u00e9rer est la <strong>disposition des prises d&rsquo;<\/strong> escalade et la densit\u00e9 que nous voulons leur donner. Si nous voulons un mur d&rsquo;escalade o\u00f9 les grimpeurs ne peuvent grimper qu&rsquo;en ligne horizontale ou si nous voulons aussi qu&rsquo;ils puissent grimper horizontalement et zig-zaguer de haut en bas (plus de prises par m\u00e8tre carr\u00e9). Sur ce point, nous pouvons vous conseiller sans probl\u00e8me en appelant 662017648.<\/li>&#13;\n&#13;\n&#13;\n&#13;\n&#13;\n<p>\u00a0<\/p>&#13;\n&#13;\n<p><img decoding=\"async\" class=\"lazyload size-full wp-image-1821 aligncenter\" src=\"https:\/\/www.presasg8.es\/wp-content\/uploads\/2024\/02\/Rocodromo-socovos-1024x576-1.jpg\" data-orig-src=\"https:\/\/www.presasg8.es\/wp-content\/uploads\/2024\/02\/Rocodromo-socovos-1024x576-1.jpg\" alt=\"\" width=\"1024\" height=\"576\" srcset=\"data:image\/svg+xml,%3Csvg%20xmlns%3D%27http%3A%2F%2Fwww.w3.org%2F2000%2Fsvg%27%20width%3D%271024%27%20height%3D%27576%27%20viewBox%3D%270%200%201024%20576%27%3E%3Crect%20width%3D%271024%27%20height%3D%27576%27%20fill-opacity%3D%220%22%2F%3E%3C%2Fsvg%3E\" data-srcset=\"https:\/\/www.presasg8.es\/wp-content\/uploads\/2024\/02\/Rocodromo-socovos-1024x576-1-200x113.jpg 200w, https:\/\/www.presasg8.es\/wp-content\/uploads\/2024\/02\/Rocodromo-socovos-1024x576-1-400x225.jpg 400w, https:\/\/www.presasg8.es\/wp-content\/uploads\/2024\/02\/Rocodromo-socovos-1024x576-1-500x281.jpg 500w, https:\/\/www.presasg8.es\/wp-content\/uploads\/2024\/02\/Rocodromo-socovos-1024x576-1-600x338.jpg 600w, https:\/\/www.presasg8.es\/wp-content\/uploads\/2024\/02\/Rocodromo-socovos-1024x576-1-700x394.jpg 700w, https:\/\/www.presasg8.es\/wp-content\/uploads\/2024\/02\/Rocodromo-socovos-1024x576-1-768x432.jpg 768w, https:\/\/www.presasg8.es\/wp-content\/uploads\/2024\/02\/Rocodromo-socovos-1024x576-1-800x450.jpg 800w, https:\/\/www.presasg8.es\/wp-content\/uploads\/2024\/02\/Rocodromo-socovos-1024x576-1.jpg 1024w\" data-sizes=\"auto\" data-orig-sizes=\"(max-width: 1024px) 100vw, 1024px\" \/><\/p>&#13;\n&#13;\n<p>\u00a0<\/p>&#13;\n&#13;\n<h3 class=\"wp-block-heading has-background\">Comment travaillons-nous ?<\/h3>&#13;\n&#13;\n<p>Une fois les points ci-dessus \u00e9valu\u00e9s, nous <strong>nous rendons au centre<\/strong> pour constater les qualit\u00e9s de la zone o\u00f9 le mur d&rsquo;escalade sera install\u00e9 (quelques photos d\u00e9taill\u00e9es de la zone suffisent).<\/p>&#13;\n&#13;\n<p><strong>Nous \u00e9tablissons alors un devis<\/strong> en fonction du type et du nombre de prises et du type de vis \u00e0 utiliser.<\/p>&#13;\n&#13;\n<p>Dans les <strong>murs en b\u00e9ton<\/strong>, plus solides, les fixations sont plus \u00e9conomiques en raison de l&rsquo;utilisation de mat\u00e9riaux plus simples.<\/p>&#13;\n&#13;\n<p>Dans les murs en <strong>brique ou en ma\u00e7onnerie<\/strong>, il convient d&rsquo;utiliser des boulons d&rsquo;ancrage chimiques pour assurer une plus grande s\u00e9curit\u00e9 dans l&rsquo;installation.<\/p>&#13;\n<p>Il est \u00e9galement possible de mettre en \u0153uvre le quai en bois avec des planches d&rsquo;okoum\u00e9 de 15 mm, textur\u00e9es et pr\u00e9par\u00e9es avec des \u00e9crous \u00e0 mortaise.<\/p>&#13;\n&#13;\n<p>D\u00e8s que <strong>nous recevons l&rsquo;OK<\/strong> du centre, nous convenons d&rsquo;une date pour le d\u00e9but de l&rsquo;installation, qui peut prendre entre 1 et 3 jours en fonction des dimensions du centre et de la complexit\u00e9 de l&rsquo;installation.<\/p>&#13;\n&#13;\n<p>\u00a0<\/p>&#13;\n&#13;\n<h2 class=\"wp-block-heading has-background\">Quelles sont les prises que nous choisissons d&rsquo;installer sur le mur ?<\/h2>&#13;\n&#13;\n<p>Normalement, les prises d&rsquo;escalade que nous installons dans les \u00e9coles sont g\u00e9n\u00e9ralement des prises<strong> faciles<\/strong> pour la plupart, combin\u00e9es \u00e0 quelques prises plus techniques pour jouer avec l&rsquo;\u00e9volution gestuelle des \u00e9l\u00e8ves, \u00e9vitant ainsi que l&rsquo;activit\u00e9 ne devienne simple ou monotone (quoi qu&rsquo;il en soit, les prises peuvent toujours \u00eatre tourn\u00e9es pour compliquer ou varier la prise).<\/p>&#13;\n&#13;\n<p>Les proportions que nous recommandons sont les suivantes : 30 % de grosses prises, 60 % de prises moyennes et 10 % de petites prises debout (pour les tr\u00e8s jeunes enfants, les proportions peuvent \u00eatre modifi\u00e9es en \u00e9liminant les petites prises debout).<\/p>&#13;\n&#13;\n<p>Nous fournissons des prises de diff\u00e9rentes formes (louches, \u00e9mouss\u00e9es, en tenailles&#8230;) et couleurs (blanc, jaune, orange, vert, bleu, rouge, gris, noir&#8230;) selon la demande du client.<\/p>&#13;\n&#13;\n<p>\u00a0<\/p>&#13;\n&#13;\n<p>\u00a0<\/p>&#13;\n&#13;\n<h3 class=\"wp-block-heading has-background\">Les avantages de l&rsquo;escalade \u00e0 l&rsquo;\u00e2ge scolaire<\/h3>&#13;\n&#13;\n<p>Les avantages que nous pouvons tirer des cours d&rsquo;escalade en \u00e9ducation physique sont les suivants :<\/p>&#13;\n\r\n<ul class=\"wp-block-list\">&#13;\n<li>Ils encouragent les<strong> relations sociales et personnelles<\/strong> en assurant un retour d&rsquo;information entre les \u00e9l\u00e8ves eux-m\u00eames et les moniteurs.<\/li>&#13;\n&#13;\n\r\n\r\n&#13;\n<ul>&#13;\n<li>Ils d\u00e9veloppent leurs <strong>capacit\u00e9s psychomotrices<\/strong> sur leur propre corps, dans des domaines tels que l&rsquo;<strong>agilit\u00e9, la souplesse, l&rsquo;\u00e9quilibre, la lat\u00e9ralit\u00e9, la motricit\u00e9 globale et la motricit\u00e9 fine&#8230;<\/strong><\/li>&#13;\n<\/ul>&#13;\n\r\n\r\n&#13;\n<ul>&#13;\n<li>Comme il s&rsquo;agit d&rsquo;une activit\u00e9 \u00ab\u00a0diff\u00e9rente\u00a0\u00bb (rappelez-vous que les \u00e9l\u00e8ves quittent le sol o\u00f9 ils effectuent normalement leurs activit\u00e9s), la <strong>concentration<\/strong> dont ils ont besoin pour effectuer les mouvements est accrue car ils se trouvent dans un environnement auquel ils ne sont pas habitu\u00e9s. Cela signifie qu&rsquo;ils doivent s <strong>&lsquo;impliquer<\/strong> davantage dans l&rsquo;exercice et <strong>s&rsquo;\u00e9puiser physiquement<\/strong>, avec l&rsquo;\u00e9quilibre \u00e9motionnel qui en d\u00e9coule, car la dichotomie effort-r\u00e9compense s&rsquo;accro\u00eet. <\/li>&#13;\n<\/ul>&#13;\n\r\n\r\n&#13;\n<ul>&#13;\n<li>Cela augmente la <strong>motivation<\/strong> lors des cours d&rsquo;escalade, car il s&rsquo;agit d&rsquo;une activit\u00e9 physique diff\u00e9rente de celle \u00e0 laquelle ils sont habitu\u00e9s.<\/li>&#13;\n<\/ul>&#13;\n\r\n\r\n&#13;\n<ul>&#13;\n<li>Cela augmente la quantit\u00e9 de <strong>d\u00e9cisions<\/strong> \u00e0 prendre, car \u00e0 chaque mouvement qu&rsquo;ils veulent faire, ils doivent \u00e9valuer quel sera le meilleur mouvement \u00e0 faire afin d&rsquo;obtenir la prise suivante plus confortablement.<\/li>&#13;\n<\/ul>&#13;\n&#13;\n<p>\u00a0<\/p>&#13;\n&#13;\n<p>Consultez tous nos <strong><a href=\"https:\/\/www.presasg8.es\/product-category\/presas-de-escaldad\/presas-de-escalada\/\" target=\"_blank\" rel=\"noreferrer noopener\">mod\u00e8les de prises<\/a><\/strong> homologu\u00e9s par l&rsquo;IBV ou notre site internet <a href=\"http:\/\/www.presasg8.es\/fr\/\">https:\/\/www.presasg8.es<\/a><\/p>&#13;\n&#13;\n<p>\u00a0<\/p>&#13;\n&#13;\n<p>Nos murs d&rsquo;escalade sont conformes aux normes europ\u00e9ennes de construction <strong>UNE-EN 12.572-1 et UNE-EN 12.572-2<\/strong>.<\/p>&#13;\n&#13;\n<p>Nous disposons \u00e9galement d&rsquo;une <strong>assurance<\/strong> responsabilit\u00e9 civile jusqu&rsquo;\u00e0 <strong>300 000 euros.<\/strong><\/p>&#13;\n&#13;\n<p>Nous travaillons sur l&rsquo;ensemble du territoire national, en particulier dans les r\u00e9gions de<strong> Castille-La Manche, Valence, Murcie, Madrid&#8230;<\/strong><\/p>&#13;\n&#13;\n<p>  <img decoding=\"async\" class=\"lazyload size-full wp-image-1825 aligncenter\" src=\"https:\/\/www.presasg8.es\/wp-content\/uploads\/2024\/02\/foto-cole-quintanar-buena-612x1024-1.jpg\" data-orig-src=\"https:\/\/www.presasg8.es\/wp-content\/uploads\/2024\/02\/foto-cole-quintanar-buena-612x1024-1.jpg\" alt=\"murs d'escalade dans les &#xE9;coles et les coll&#xE8;ges\" width=\"612\" height=\"1024\" srcset=\"data:image\/svg+xml,%3Csvg%20xmlns%3D%27http%3A%2F%2Fwww.w3.org%2F2000%2Fsvg%27%20width%3D%27612%27%20height%3D%271024%27%20viewBox%3D%270%200%20612%201024%27%3E%3Crect%20width%3D%27612%27%20height%3D%271024%27%20fill-opacity%3D%220%22%2F%3E%3C%2Fsvg%3E\" data-srcset=\"https:\/\/www.presasg8.es\/wp-content\/uploads\/2024\/02\/foto-cole-quintanar-buena-612x1024-1-200x335.jpg 200w, https:\/\/www.presasg8.es\/wp-content\/uploads\/2024\/02\/foto-cole-quintanar-buena-612x1024-1-239x400.jpg 239w, https:\/\/www.presasg8.es\/wp-content\/uploads\/2024\/02\/foto-cole-quintanar-buena-612x1024-1-400x669.jpg 400w, https:\/\/www.presasg8.es\/wp-content\/uploads\/2024\/02\/foto-cole-quintanar-buena-612x1024-1-500x837.jpg 500w, https:\/\/www.presasg8.es\/wp-content\/uploads\/2024\/02\/foto-cole-quintanar-buena-612x1024-1-600x1004.jpg 600w, https:\/\/www.presasg8.es\/wp-content\/uploads\/2024\/02\/foto-cole-quintanar-buena-612x1024-1.jpg 612w\" data-sizes=\"auto\" data-orig-sizes=\"(max-width: 612px) 100vw, 612px\" \/>    <\/p>&#13;\n<h3>Roc\u00f3dromos instalados:<\/h3>&#13;\n<ul>&#13;\n<li>Roc\u00f3dromo Instituto de educaci\u00f3n secundaria Encomienda de Santiago, Socovos (Albacete)<\/li>&#13;\n<li>Roc\u00f3dromo Instituto de educaci\u00f3n secundaria Los Olmos (Albacete)<\/li>&#13;\n<li>Roc\u00f3dromo Instituto de educaci\u00f3n secundaria Andr\u00e9s de Vandelvira (Albacete)<\/li>&#13;\n<li>Roc\u00f3dromo Colegio p\u00fablico Alfadal\u00ed (Valencia)<\/li>&#13;\n<li>Roc\u00f3dromo Centro Joven en Saced\u00f3n (Guadalajara)<\/li>&#13;\n<li>Roc\u00f3dromo Colegio p\u00fablico Silvano Cirujano, Almorox (Toledo)<\/li>&#13;\n<li>Roc\u00f3dromo CEIP Mariano Munera, La Gineta, (Albacete)<\/li>&#13;\n<li>Roc\u00f3dromo Colegio P\u00fablico Fuente de la Villa, Valdemoro (Madrid)<\/li>&#13;\n<li>Roc\u00f3dromo CEIP Narciso Yepes (Murcia).<\/li>&#13;\n<li>Roc\u00f3dromo CEIP Mediterr\u00e1neo (Puerto de Sagunto)<\/li>&#13;\n<li>Roc\u00f3dromo particular en Pozoca\u00f1ada (Albacete)<\/li>&#13;\n<li>Roc\u00f3dromo en el muro de la plaza del Cristo del municipio de Sanet y Negrals (Alicante)<\/li>&#13;\n<li>Roc\u00f3dromo CEIP Jarama, Mejorada del Campo (Madrid)<\/li>&#13;\n<li>Roc\u00f3dromo Colegio Internacional John Henry Newman (Madrid)<\/li>&#13;\n<li>Roc\u00f3dromo Pineda de la Sierra (Burgos)<\/li>&#13;\n<li>Roc\u00f3dromo\u00a0 Centro Jove, Pobla de Vallbona (Valencia)<\/li>&#13;\n<li>Roc\u00f3dromo Colegio Madre del Divino Pastor, Cieza (Murcia)<\/li>&#13;\n<li>Roc\u00f3dromo, Altafit Centro comercial Thader, Murcia<\/li>&#13;\n<li>Roc\u00f3dromo La Mascota i el Jard\u00ed, Ruidoms, (Tarragona)<\/li>&#13;\n<li>Roc\u00f3dromo Gimnasio Central Sport, Puerto de Sagunto (Valencia)<\/li>&#13;\n<li>Roc\u00f3dromo Escuela de Educaci\u00f3n infantil Francisco Lucilo de Carvajal, Albolote (Granada)<\/li>&#13;\n<li>Roc\u00f3dromo CEIP Sagrado coraz\u00f3n de Jes\u00fas, Alhend\u00edn (Granada).<\/li>&#13;\n<li>Roc\u00f3dromo CEIP Jose Antonio Fuente Alamo (Murcia).<\/li>&#13;\n<li>Roc\u00f3dromo Pabell\u00f3n usos m\u00faltiples de Fr\u00edas (Burgos)<\/li>&#13;\n<li>Roc\u00f3dromo CEIP Manuel de Falla en Peligros (Granada)<\/li>&#13;\n<li>Roc\u00f3dromo CEIP Emilio Carmona en Maracena (Granada)<\/li>&#13;\n<li>Roc\u00f3dromo CEIP Jaume I en San Vicente del Raspeig (Alicante)<\/li>&#13;\n<li>Roc\u00f3dromo CEIP Nuestra se\u00f1ora de la piedad, Santa Olalla (Toledo)<\/li>&#13;\n<li>Roc\u00f3dromo CEIP Poeta Miguel Hern\u00e1ndez, Rojales (Alicante)<\/li>&#13;\n<li>Roc\u00f3dromo CEIP Escultor Gonz\u00e1lez Moreno, Aljucer (Murcia)<\/li>&#13;\n<li>Roc\u00f3dromo en Escola Escol\u00e0pies Sabadell (Barcelona)<\/li>&#13;\n<\/ul>&#13;\n<p>  <img decoding=\"async\" class=\"lazyload size-full wp-image-1829 aligncenter\" src=\"https:\/\/www.presasg8.es\/wp-content\/uploads\/2024\/02\/colegio-Mediterraneo-Puerto-Sagunto-1024x620-1.jpg\" data-orig-src=\"https:\/\/www.presasg8.es\/wp-content\/uploads\/2024\/02\/colegio-Mediterraneo-Puerto-Sagunto-1024x620-1.jpg\" alt=\"\" width=\"1024\" height=\"620\" srcset=\"data:image\/svg+xml,%3Csvg%20xmlns%3D%27http%3A%2F%2Fwww.w3.org%2F2000%2Fsvg%27%20width%3D%271024%27%20height%3D%27620%27%20viewBox%3D%270%200%201024%20620%27%3E%3Crect%20width%3D%271024%27%20height%3D%27620%27%20fill-opacity%3D%220%22%2F%3E%3C%2Fsvg%3E\" data-srcset=\"https:\/\/www.presasg8.es\/wp-content\/uploads\/2024\/02\/colegio-Mediterraneo-Puerto-Sagunto-1024x620-1-200x121.jpg 200w, https:\/\/www.presasg8.es\/wp-content\/uploads\/2024\/02\/colegio-Mediterraneo-Puerto-Sagunto-1024x620-1-400x242.jpg 400w, https:\/\/www.presasg8.es\/wp-content\/uploads\/2024\/02\/colegio-Mediterraneo-Puerto-Sagunto-1024x620-1-500x303.jpg 500w, https:\/\/www.presasg8.es\/wp-content\/uploads\/2024\/02\/colegio-Mediterraneo-Puerto-Sagunto-1024x620-1-600x363.jpg 600w, https:\/\/www.presasg8.es\/wp-content\/uploads\/2024\/02\/colegio-Mediterraneo-Puerto-Sagunto-1024x620-1-700x424.jpg 700w, https:\/\/www.presasg8.es\/wp-content\/uploads\/2024\/02\/colegio-Mediterraneo-Puerto-Sagunto-1024x620-1-768x465.jpg 768w, https:\/\/www.presasg8.es\/wp-content\/uploads\/2024\/02\/colegio-Mediterraneo-Puerto-Sagunto-1024x620-1-800x484.jpg 800w, https:\/\/www.presasg8.es\/wp-content\/uploads\/2024\/02\/colegio-Mediterraneo-Puerto-Sagunto-1024x620-1.jpg 1024w\" data-sizes=\"auto\" data-orig-sizes=\"(max-width: 1024px) 100vw, 1024px\" \/><\/p>&#13;\n<p><img decoding=\"async\" class=\"lazyload alignnone size-large wp-image-8225\" src=\"https:\/\/www.presasg8.es\/wp-content\/uploads\/2024\/02\/rocodromo-de-Frias-1024x544.jpg\" data-orig-src=\"https:\/\/www.presasg8.es\/wp-content\/uploads\/2024\/02\/rocodromo-de-Frias-1024x544.jpg\" alt=\"\" width=\"1024\" height=\"544\" srcset=\"data:image\/svg+xml,%3Csvg%20xmlns%3D%27http%3A%2F%2Fwww.w3.org%2F2000%2Fsvg%27%20width%3D%271024%27%20height%3D%27544%27%20viewBox%3D%270%200%201024%20544%27%3E%3Crect%20width%3D%271024%27%20height%3D%27544%27%20fill-opacity%3D%220%22%2F%3E%3C%2Fsvg%3E\" data-srcset=\"https:\/\/www.presasg8.es\/wp-content\/uploads\/2024\/02\/rocodromo-de-Frias-200x106.jpg 200w, https:\/\/www.presasg8.es\/wp-content\/uploads\/2024\/02\/rocodromo-de-Frias-400x213.jpg 400w, https:\/\/www.presasg8.es\/wp-content\/uploads\/2024\/02\/rocodromo-de-Frias-500x266.jpg 500w, https:\/\/www.presasg8.es\/wp-content\/uploads\/2024\/02\/rocodromo-de-Frias-600x319.jpg 600w, https:\/\/www.presasg8.es\/wp-content\/uploads\/2024\/02\/rocodromo-de-Frias-700x372.jpg 700w, https:\/\/www.presasg8.es\/wp-content\/uploads\/2024\/02\/rocodromo-de-Frias-768x408.jpg 768w, https:\/\/www.presasg8.es\/wp-content\/uploads\/2024\/02\/rocodromo-de-Frias-800x425.jpg 800w, https:\/\/www.presasg8.es\/wp-content\/uploads\/2024\/02\/rocodromo-de-Frias-1024x544.jpg 1024w, https:\/\/www.presasg8.es\/wp-content\/uploads\/2024\/02\/rocodromo-de-Frias-1200x638.jpg 1200w, https:\/\/www.presasg8.es\/wp-content\/uploads\/2024\/02\/rocodromo-de-Frias-1536x816.jpg 1536w\" data-sizes=\"auto\" data-orig-sizes=\"(max-width: 1024px) 100vw, 1024px\" \/><\/p>&#13;\n<p><img decoding=\"async\" class=\"lazyload size-full wp-image-1837 aligncenter\" src=\"https:\/\/www.presasg8.es\/wp-content\/uploads\/2024\/02\/rocodromo-colegio-alfadali-1024x576-1.jpg\" data-orig-src=\"https:\/\/www.presasg8.es\/wp-content\/uploads\/2024\/02\/rocodromo-colegio-alfadali-1024x576-1.jpg\" alt=\"\" width=\"1024\" height=\"576\" srcset=\"data:image\/svg+xml,%3Csvg%20xmlns%3D%27http%3A%2F%2Fwww.w3.org%2F2000%2Fsvg%27%20width%3D%271024%27%20height%3D%27576%27%20viewBox%3D%270%200%201024%20576%27%3E%3Crect%20width%3D%271024%27%20height%3D%27576%27%20fill-opacity%3D%220%22%2F%3E%3C%2Fsvg%3E\" data-srcset=\"https:\/\/www.presasg8.es\/wp-content\/uploads\/2024\/02\/rocodromo-colegio-alfadali-1024x576-1-200x113.jpg 200w, https:\/\/www.presasg8.es\/wp-content\/uploads\/2024\/02\/rocodromo-colegio-alfadali-1024x576-1-400x225.jpg 400w, https:\/\/www.presasg8.es\/wp-content\/uploads\/2024\/02\/rocodromo-colegio-alfadali-1024x576-1-500x281.jpg 500w, https:\/\/www.presasg8.es\/wp-content\/uploads\/2024\/02\/rocodromo-colegio-alfadali-1024x576-1-600x338.jpg 600w, https:\/\/www.presasg8.es\/wp-content\/uploads\/2024\/02\/rocodromo-colegio-alfadali-1024x576-1-700x394.jpg 700w, https:\/\/www.presasg8.es\/wp-content\/uploads\/2024\/02\/rocodromo-colegio-alfadali-1024x576-1-768x432.jpg 768w, https:\/\/www.presasg8.es\/wp-content\/uploads\/2024\/02\/rocodromo-colegio-alfadali-1024x576-1-800x450.jpg 800w, https:\/\/www.presasg8.es\/wp-content\/uploads\/2024\/02\/rocodromo-colegio-alfadali-1024x576-1.jpg 1024w\" data-sizes=\"auto\" data-orig-sizes=\"(max-width: 1024px) 100vw, 1024px\" \/>               <img decoding=\"async\" class=\"lazyload alignnone size-large wp-image-7366\" src=\"https:\/\/www.presasg8.es\/wp-content\/uploads\/2024\/02\/CEIP-Jarama-Mejorada-del-Campo-1024x577.jpg\" data-orig-src=\"https:\/\/www.presasg8.es\/wp-content\/uploads\/2024\/02\/CEIP-Jarama-Mejorada-del-Campo-1024x577.jpg\" alt=\"Installation d'un mur d'escalade &#xE0; Jarama par le CIPE\" width=\"1024\" height=\"577\" srcset=\"data:image\/svg+xml,%3Csvg%20xmlns%3D%27http%3A%2F%2Fwww.w3.org%2F2000%2Fsvg%27%20width%3D%271024%27%20height%3D%27577%27%20viewBox%3D%270%200%201024%20577%27%3E%3Crect%20width%3D%271024%27%20height%3D%27577%27%20fill-opacity%3D%220%22%2F%3E%3C%2Fsvg%3E\" data-srcset=\"https:\/\/www.presasg8.es\/wp-content\/uploads\/2024\/02\/CEIP-Jarama-Mejorada-del-Campo-200x113.jpg 200w, https:\/\/www.presasg8.es\/wp-content\/uploads\/2024\/02\/CEIP-Jarama-Mejorada-del-Campo-400x225.jpg 400w, https:\/\/www.presasg8.es\/wp-content\/uploads\/2024\/02\/CEIP-Jarama-Mejorada-del-Campo-500x282.jpg 500w, https:\/\/www.presasg8.es\/wp-content\/uploads\/2024\/02\/CEIP-Jarama-Mejorada-del-Campo-600x338.jpg 600w, https:\/\/www.presasg8.es\/wp-content\/uploads\/2024\/02\/CEIP-Jarama-Mejorada-del-Campo-700x394.jpg 700w, https:\/\/www.presasg8.es\/wp-content\/uploads\/2024\/02\/CEIP-Jarama-Mejorada-del-Campo-768x432.jpg 768w, https:\/\/www.presasg8.es\/wp-content\/uploads\/2024\/02\/CEIP-Jarama-Mejorada-del-Campo-800x450.jpg 800w, https:\/\/www.presasg8.es\/wp-content\/uploads\/2024\/02\/CEIP-Jarama-Mejorada-del-Campo-1024x577.jpg 1024w, https:\/\/www.presasg8.es\/wp-content\/uploads\/2024\/02\/CEIP-Jarama-Mejorada-del-Campo-1200x676.jpg 1200w, https:\/\/www.presasg8.es\/wp-content\/uploads\/2024\/02\/CEIP-Jarama-Mejorada-del-Campo-1536x865.jpg 1536w\" data-sizes=\"auto\" data-orig-sizes=\"(max-width: 1024px) 100vw, 1024px\" \/><\/p>&#13;\n<p><img decoding=\"async\" class=\"lazyload alignnone size-large wp-image-8161\" src=\"https:\/\/www.presasg8.es\/wp-content\/uploads\/2024\/02\/Rocodromo-colegio-Albolote-1024x612.jpg\" data-orig-src=\"https:\/\/www.presasg8.es\/wp-content\/uploads\/2024\/02\/Rocodromo-colegio-Albolote-1024x612.jpg\" alt=\"&#xC9;cole d'escalade Albolote, Grenade\" width=\"1024\" height=\"612\" srcset=\"data:image\/svg+xml,%3Csvg%20xmlns%3D%27http%3A%2F%2Fwww.w3.org%2F2000%2Fsvg%27%20width%3D%271024%27%20height%3D%27612%27%20viewBox%3D%270%200%201024%20612%27%3E%3Crect%20width%3D%271024%27%20height%3D%27612%27%20fill-opacity%3D%220%22%2F%3E%3C%2Fsvg%3E\" data-srcset=\"https:\/\/www.presasg8.es\/wp-content\/uploads\/2024\/02\/Rocodromo-colegio-Albolote-200x120.jpg 200w, https:\/\/www.presasg8.es\/wp-content\/uploads\/2024\/02\/Rocodromo-colegio-Albolote-400x239.jpg 400w, https:\/\/www.presasg8.es\/wp-content\/uploads\/2024\/02\/Rocodromo-colegio-Albolote-500x299.jpg 500w, https:\/\/www.presasg8.es\/wp-content\/uploads\/2024\/02\/Rocodromo-colegio-Albolote-600x359.jpg 600w, https:\/\/www.presasg8.es\/wp-content\/uploads\/2024\/02\/Rocodromo-colegio-Albolote-700x418.jpg 700w, https:\/\/www.presasg8.es\/wp-content\/uploads\/2024\/02\/Rocodromo-colegio-Albolote-768x459.jpg 768w, https:\/\/www.presasg8.es\/wp-content\/uploads\/2024\/02\/Rocodromo-colegio-Albolote-800x478.jpg 800w, https:\/\/www.presasg8.es\/wp-content\/uploads\/2024\/02\/Rocodromo-colegio-Albolote-1024x612.jpg 1024w, https:\/\/www.presasg8.es\/wp-content\/uploads\/2024\/02\/Rocodromo-colegio-Albolote-1200x717.jpg 1200w, https:\/\/www.presasg8.es\/wp-content\/uploads\/2024\/02\/Rocodromo-colegio-Albolote-1536x918.jpg 1536w\" data-sizes=\"auto\" data-orig-sizes=\"(max-width: 1024px) 100vw, 1024px\" \/><\/p>&#13;\n<p><strong><img decoding=\"async\" class=\"lazyload alignnone size-large wp-image-8191\" src=\"https:\/\/www.presasg8.es\/wp-content\/uploads\/2024\/02\/rocodromo-fuente-alamo-1024x363.jpg\" data-orig-src=\"https:\/\/www.presasg8.es\/wp-content\/uploads\/2024\/02\/rocodromo-fuente-alamo-1024x363.jpg\" alt=\"Rocodromo G8 fuente alamo\" width=\"1024\" height=\"363\" srcset=\"data:image\/svg+xml,%3Csvg%20xmlns%3D%27http%3A%2F%2Fwww.w3.org%2F2000%2Fsvg%27%20width%3D%271024%27%20height%3D%27363%27%20viewBox%3D%270%200%201024%20363%27%3E%3Crect%20width%3D%271024%27%20height%3D%27363%27%20fill-opacity%3D%220%22%2F%3E%3C%2Fsvg%3E\" data-srcset=\"https:\/\/www.presasg8.es\/wp-content\/uploads\/2024\/02\/rocodromo-fuente-alamo-200x71.jpg 200w, https:\/\/www.presasg8.es\/wp-content\/uploads\/2024\/02\/rocodromo-fuente-alamo-400x142.jpg 400w, https:\/\/www.presasg8.es\/wp-content\/uploads\/2024\/02\/rocodromo-fuente-alamo-500x177.jpg 500w, https:\/\/www.presasg8.es\/wp-content\/uploads\/2024\/02\/rocodromo-fuente-alamo-600x213.jpg 600w, https:\/\/www.presasg8.es\/wp-content\/uploads\/2024\/02\/rocodromo-fuente-alamo-700x248.jpg 700w, https:\/\/www.presasg8.es\/wp-content\/uploads\/2024\/02\/rocodromo-fuente-alamo-768x272.jpg 768w, https:\/\/www.presasg8.es\/wp-content\/uploads\/2024\/02\/rocodromo-fuente-alamo-800x283.jpg 800w, https:\/\/www.presasg8.es\/wp-content\/uploads\/2024\/02\/rocodromo-fuente-alamo-1024x363.jpg 1024w, https:\/\/www.presasg8.es\/wp-content\/uploads\/2024\/02\/rocodromo-fuente-alamo-1200x425.jpg 1200w, https:\/\/www.presasg8.es\/wp-content\/uploads\/2024\/02\/rocodromo-fuente-alamo-1536x544.jpg 1536w\" data-sizes=\"auto\" data-orig-sizes=\"(max-width: 1024px) 100vw, 1024px\" \/><\/strong><\/p>&#13;\n<p>\u00a0<\/p>&#13;\n<p>\u00a0<\/p>&#13;\n<p>\u00a0<\/p>&#13;\n","protected":false},"excerpt":{"rendered":"<p>&#13; INSTALLATION DE MURS D&rsquo;ESCALADE, G\u00c9N\u00c9RALIT\u00c9S &#13; Que dois-je faire  [&#8230;]<\/p>\n","protected":false},"author":1,"featured_media":1838,"comment_status":"closed","ping_status":"open","sticky":false,"template":"","format":"standard","meta":{"_joinchat":[],"footnotes":""},"categories":[246],"tags":[],"class_list":["post-4717","post","type-post","status-publish","format-standard","has-post-thumbnail","hentry","category-blog-fr"],"yoast_head":"<!-- This site is optimized with the Yoast SEO plugin v27.3 - https:\/\/yoast.com\/product\/yoast-seo-wordpress\/ -->\n<title>Installation de murs d&#039;escalade dans les \u00e9coles et les coll\u00e8ges. Entreprise - Presas G8 - Presas de escalada para roc\u00f3dromo<\/title>\n<meta name=\"description\" content=\"Installation de murs d&#039;escalade dans les \u00e9coles et les centres \u00e9ducatifs, les centres sportifs. Prix \u00e9conomiques. Entreprise de construction de murs d&#039;escalade\" \/>\n<meta name=\"robots\" content=\"index, follow, max-snippet:-1, max-image-preview:large, max-video-preview:-1\" \/>\n<link rel=\"canonical\" href=\"https:\/\/www.presasg8.es\/fr\/installation-de-murs-descalade-dans-les-ecoles-et-les-colleges-entreprise\/\" \/>\n<meta property=\"og:locale\" content=\"fr_FR\" \/>\n<meta property=\"og:type\" content=\"article\" \/>\n<meta property=\"og:title\" content=\"Installation de murs d&#039;escalade dans les \u00e9coles et les coll\u00e8ges. Entreprise - Presas G8 - Presas de escalada para roc\u00f3dromo\" \/>\n<meta property=\"og:description\" content=\"Installation de murs d&#039;escalade dans les \u00e9coles et les centres \u00e9ducatifs, les centres sportifs. Prix \u00e9conomiques. Entreprise de construction de murs d&#039;escalade\" \/>\n<meta property=\"og:url\" content=\"https:\/\/www.presasg8.es\/fr\/installation-de-murs-descalade-dans-les-ecoles-et-les-colleges-entreprise\/\" \/>\n<meta property=\"og:site_name\" content=\"Presas G8 - Presas de escalada para roc\u00f3dromo\" \/>\n<meta property=\"article:publisher\" content=\"https:\/\/www.facebook.com\/presasescaladag8\/\" \/>\n<meta property=\"article:published_time\" content=\"2024-02-15T09:59:13+00:00\" \/>\n<meta property=\"article:modified_time\" content=\"2026-04-21T05:13:04+00:00\" \/>\n<meta property=\"og:image\" content=\"https:\/\/www.presasg8.es\/wp-content\/uploads\/2024\/02\/rocodromo-colegio-alfadali-1024x576-1.jpg\" \/>\n\t<meta property=\"og:image:width\" content=\"1024\" \/>\n\t<meta property=\"og:image:height\" content=\"576\" \/>\n\t<meta property=\"og:image:type\" content=\"image\/jpeg\" \/>\n<meta name=\"author\" content=\"nuteco\" \/>\n<meta name=\"twitter:card\" content=\"summary_large_image\" \/>\n<meta name=\"twitter:label1\" content=\"\u00c9crit par\" \/>\n\t<meta name=\"twitter:data1\" content=\"nuteco\" \/>\n\t<meta name=\"twitter:label2\" content=\"Dur\u00e9e de lecture estim\u00e9e\" \/>\n\t<meta name=\"twitter:data2\" content=\"5 minutes\" \/>\n<script type=\"application\/ld+json\" class=\"yoast-schema-graph\">{\"@context\":\"https:\\\/\\\/schema.org\",\"@graph\":[{\"@type\":\"Article\",\"@id\":\"https:\\\/\\\/www.presasg8.es\\\/fr\\\/installation-de-murs-descalade-dans-les-ecoles-et-les-colleges-entreprise\\\/#article\",\"isPartOf\":{\"@id\":\"https:\\\/\\\/www.presasg8.es\\\/fr\\\/installation-de-murs-descalade-dans-les-ecoles-et-les-colleges-entreprise\\\/\"},\"author\":{\"name\":\"nuteco\",\"@id\":\"https:\\\/\\\/www.presasg8.es\\\/fr\\\/#\\\/schema\\\/person\\\/31ed7e49e880593df7ccabf7c4ec8951\"},\"headline\":\"Installation de murs d&rsquo;escalade dans les \u00e9coles et les coll\u00e8ges. Entreprise\",\"datePublished\":\"2024-02-15T09:59:13+00:00\",\"dateModified\":\"2026-04-21T05:13:04+00:00\",\"mainEntityOfPage\":{\"@id\":\"https:\\\/\\\/www.presasg8.es\\\/fr\\\/installation-de-murs-descalade-dans-les-ecoles-et-les-colleges-entreprise\\\/\"},\"wordCount\":1158,\"publisher\":{\"@id\":\"https:\\\/\\\/www.presasg8.es\\\/fr\\\/#organization\"},\"image\":{\"@id\":\"https:\\\/\\\/www.presasg8.es\\\/fr\\\/installation-de-murs-descalade-dans-les-ecoles-et-les-colleges-entreprise\\\/#primaryimage\"},\"thumbnailUrl\":\"https:\\\/\\\/www.presasg8.es\\\/wp-content\\\/uploads\\\/2024\\\/02\\\/rocodromo-colegio-alfadali-1024x576-1.jpg\",\"articleSection\":[\"Blog\"],\"inLanguage\":\"fr-FR\"},{\"@type\":\"WebPage\",\"@id\":\"https:\\\/\\\/www.presasg8.es\\\/fr\\\/installation-de-murs-descalade-dans-les-ecoles-et-les-colleges-entreprise\\\/\",\"url\":\"https:\\\/\\\/www.presasg8.es\\\/fr\\\/installation-de-murs-descalade-dans-les-ecoles-et-les-colleges-entreprise\\\/\",\"name\":\"Installation de murs d'escalade dans les \u00e9coles et les coll\u00e8ges. Entreprise - Presas G8 - Presas de escalada para roc\u00f3dromo\",\"isPartOf\":{\"@id\":\"https:\\\/\\\/www.presasg8.es\\\/fr\\\/#website\"},\"primaryImageOfPage\":{\"@id\":\"https:\\\/\\\/www.presasg8.es\\\/fr\\\/installation-de-murs-descalade-dans-les-ecoles-et-les-colleges-entreprise\\\/#primaryimage\"},\"image\":{\"@id\":\"https:\\\/\\\/www.presasg8.es\\\/fr\\\/installation-de-murs-descalade-dans-les-ecoles-et-les-colleges-entreprise\\\/#primaryimage\"},\"thumbnailUrl\":\"https:\\\/\\\/www.presasg8.es\\\/wp-content\\\/uploads\\\/2024\\\/02\\\/rocodromo-colegio-alfadali-1024x576-1.jpg\",\"datePublished\":\"2024-02-15T09:59:13+00:00\",\"dateModified\":\"2026-04-21T05:13:04+00:00\",\"description\":\"Installation de murs d'escalade dans les \u00e9coles et les centres \u00e9ducatifs, les centres sportifs. Prix \u00e9conomiques. Entreprise de construction de murs d'escalade\",\"breadcrumb\":{\"@id\":\"https:\\\/\\\/www.presasg8.es\\\/fr\\\/installation-de-murs-descalade-dans-les-ecoles-et-les-colleges-entreprise\\\/#breadcrumb\"},\"inLanguage\":\"fr-FR\",\"potentialAction\":[{\"@type\":\"ReadAction\",\"target\":[\"https:\\\/\\\/www.presasg8.es\\\/fr\\\/installation-de-murs-descalade-dans-les-ecoles-et-les-colleges-entreprise\\\/\"]}]},{\"@type\":\"ImageObject\",\"inLanguage\":\"fr-FR\",\"@id\":\"https:\\\/\\\/www.presasg8.es\\\/fr\\\/installation-de-murs-descalade-dans-les-ecoles-et-les-colleges-entreprise\\\/#primaryimage\",\"url\":\"https:\\\/\\\/www.presasg8.es\\\/wp-content\\\/uploads\\\/2024\\\/02\\\/rocodromo-colegio-alfadali-1024x576-1.jpg\",\"contentUrl\":\"https:\\\/\\\/www.presasg8.es\\\/wp-content\\\/uploads\\\/2024\\\/02\\\/rocodromo-colegio-alfadali-1024x576-1.jpg\",\"width\":1024,\"height\":576},{\"@type\":\"BreadcrumbList\",\"@id\":\"https:\\\/\\\/www.presasg8.es\\\/fr\\\/installation-de-murs-descalade-dans-les-ecoles-et-les-colleges-entreprise\\\/#breadcrumb\",\"itemListElement\":[{\"@type\":\"ListItem\",\"position\":1,\"name\":\"Portada\",\"item\":\"https:\\\/\\\/www.presasg8.es\\\/fr\\\/\"},{\"@type\":\"ListItem\",\"position\":2,\"name\":\"Installation de murs d&#8217;escalade dans les \u00e9coles et les coll\u00e8ges. Entreprise\"}]},{\"@type\":\"WebSite\",\"@id\":\"https:\\\/\\\/www.presasg8.es\\\/fr\\\/#website\",\"url\":\"https:\\\/\\\/www.presasg8.es\\\/fr\\\/\",\"name\":\"Presas de escalada G8\",\"description\":\"Tienda online de Presas de escalada para roc\u00f3dromo\",\"publisher\":{\"@id\":\"https:\\\/\\\/www.presasg8.es\\\/fr\\\/#organization\"},\"alternateName\":\"Presas de escalada para roc\u00f3dromo\",\"potentialAction\":[{\"@type\":\"SearchAction\",\"target\":{\"@type\":\"EntryPoint\",\"urlTemplate\":\"https:\\\/\\\/www.presasg8.es\\\/fr\\\/?s={search_term_string}\"},\"query-input\":{\"@type\":\"PropertyValueSpecification\",\"valueRequired\":true,\"valueName\":\"search_term_string\"}}],\"inLanguage\":\"fr-FR\"},{\"@type\":\"Organization\",\"@id\":\"https:\\\/\\\/www.presasg8.es\\\/fr\\\/#organization\",\"name\":\"Presas de escalada G8\",\"alternateName\":\"Presas de escalada para roc\u00f3dromo G8\",\"url\":\"https:\\\/\\\/www.presasg8.es\\\/fr\\\/\",\"logo\":{\"@type\":\"ImageObject\",\"inLanguage\":\"fr-FR\",\"@id\":\"https:\\\/\\\/www.presasg8.es\\\/fr\\\/#\\\/schema\\\/logo\\\/image\\\/\",\"url\":\"https:\\\/\\\/www.presasg8.es\\\/wp-content\\\/uploads\\\/2023\\\/09\\\/logo-presas-g8.jpeg\",\"contentUrl\":\"https:\\\/\\\/www.presasg8.es\\\/wp-content\\\/uploads\\\/2023\\\/09\\\/logo-presas-g8.jpeg\",\"width\":400,\"height\":486,\"caption\":\"Presas de escalada G8\"},\"image\":{\"@id\":\"https:\\\/\\\/www.presasg8.es\\\/fr\\\/#\\\/schema\\\/logo\\\/image\\\/\"},\"sameAs\":[\"https:\\\/\\\/www.facebook.com\\\/presasescaladag8\\\/\",\"https:\\\/\\\/www.instagram.com\\\/presasg8\\\/\"]},{\"@type\":\"Person\",\"@id\":\"https:\\\/\\\/www.presasg8.es\\\/fr\\\/#\\\/schema\\\/person\\\/31ed7e49e880593df7ccabf7c4ec8951\",\"name\":\"nuteco\",\"sameAs\":[\"https:\\\/\\\/www.presasg8.es\"]}]}<\/script>\n<!-- \/ Yoast SEO plugin. -->","yoast_head_json":{"title":"Installation de murs d'escalade dans les \u00e9coles et les coll\u00e8ges. Entreprise - Presas G8 - Presas de escalada para roc\u00f3dromo","description":"Installation de murs d'escalade dans les \u00e9coles et les centres \u00e9ducatifs, les centres sportifs. Prix \u00e9conomiques. Entreprise de construction de murs d'escalade","robots":{"index":"index","follow":"follow","max-snippet":"max-snippet:-1","max-image-preview":"max-image-preview:large","max-video-preview":"max-video-preview:-1"},"canonical":"https:\/\/www.presasg8.es\/fr\/installation-de-murs-descalade-dans-les-ecoles-et-les-colleges-entreprise\/","og_locale":"fr_FR","og_type":"article","og_title":"Installation de murs d'escalade dans les \u00e9coles et les coll\u00e8ges. Entreprise - Presas G8 - Presas de escalada para roc\u00f3dromo","og_description":"Installation de murs d'escalade dans les \u00e9coles et les centres \u00e9ducatifs, les centres sportifs. Prix \u00e9conomiques. Entreprise de construction de murs d'escalade","og_url":"https:\/\/www.presasg8.es\/fr\/installation-de-murs-descalade-dans-les-ecoles-et-les-colleges-entreprise\/","og_site_name":"Presas G8 - Presas de escalada para roc\u00f3dromo","article_publisher":"https:\/\/www.facebook.com\/presasescaladag8\/","article_published_time":"2024-02-15T09:59:13+00:00","article_modified_time":"2026-04-21T05:13:04+00:00","og_image":[{"width":1024,"height":576,"url":"https:\/\/www.presasg8.es\/wp-content\/uploads\/2024\/02\/rocodromo-colegio-alfadali-1024x576-1.jpg","type":"image\/jpeg"}],"author":"nuteco","twitter_card":"summary_large_image","twitter_misc":{"\u00c9crit par":"nuteco","Dur\u00e9e de lecture estim\u00e9e":"5 minutes"},"schema":{"@context":"https:\/\/schema.org","@graph":[{"@type":"Article","@id":"https:\/\/www.presasg8.es\/fr\/installation-de-murs-descalade-dans-les-ecoles-et-les-colleges-entreprise\/#article","isPartOf":{"@id":"https:\/\/www.presasg8.es\/fr\/installation-de-murs-descalade-dans-les-ecoles-et-les-colleges-entreprise\/"},"author":{"name":"nuteco","@id":"https:\/\/www.presasg8.es\/fr\/#\/schema\/person\/31ed7e49e880593df7ccabf7c4ec8951"},"headline":"Installation de murs d&rsquo;escalade dans les \u00e9coles et les coll\u00e8ges. Entreprise","datePublished":"2024-02-15T09:59:13+00:00","dateModified":"2026-04-21T05:13:04+00:00","mainEntityOfPage":{"@id":"https:\/\/www.presasg8.es\/fr\/installation-de-murs-descalade-dans-les-ecoles-et-les-colleges-entreprise\/"},"wordCount":1158,"publisher":{"@id":"https:\/\/www.presasg8.es\/fr\/#organization"},"image":{"@id":"https:\/\/www.presasg8.es\/fr\/installation-de-murs-descalade-dans-les-ecoles-et-les-colleges-entreprise\/#primaryimage"},"thumbnailUrl":"https:\/\/www.presasg8.es\/wp-content\/uploads\/2024\/02\/rocodromo-colegio-alfadali-1024x576-1.jpg","articleSection":["Blog"],"inLanguage":"fr-FR"},{"@type":"WebPage","@id":"https:\/\/www.presasg8.es\/fr\/installation-de-murs-descalade-dans-les-ecoles-et-les-colleges-entreprise\/","url":"https:\/\/www.presasg8.es\/fr\/installation-de-murs-descalade-dans-les-ecoles-et-les-colleges-entreprise\/","name":"Installation de murs d'escalade dans les \u00e9coles et les coll\u00e8ges. Entreprise - Presas G8 - Presas de escalada para roc\u00f3dromo","isPartOf":{"@id":"https:\/\/www.presasg8.es\/fr\/#website"},"primaryImageOfPage":{"@id":"https:\/\/www.presasg8.es\/fr\/installation-de-murs-descalade-dans-les-ecoles-et-les-colleges-entreprise\/#primaryimage"},"image":{"@id":"https:\/\/www.presasg8.es\/fr\/installation-de-murs-descalade-dans-les-ecoles-et-les-colleges-entreprise\/#primaryimage"},"thumbnailUrl":"https:\/\/www.presasg8.es\/wp-content\/uploads\/2024\/02\/rocodromo-colegio-alfadali-1024x576-1.jpg","datePublished":"2024-02-15T09:59:13+00:00","dateModified":"2026-04-21T05:13:04+00:00","description":"Installation de murs d'escalade dans les \u00e9coles et les centres \u00e9ducatifs, les centres sportifs. Prix \u00e9conomiques. Entreprise de construction de murs d'escalade","breadcrumb":{"@id":"https:\/\/www.presasg8.es\/fr\/installation-de-murs-descalade-dans-les-ecoles-et-les-colleges-entreprise\/#breadcrumb"},"inLanguage":"fr-FR","potentialAction":[{"@type":"ReadAction","target":["https:\/\/www.presasg8.es\/fr\/installation-de-murs-descalade-dans-les-ecoles-et-les-colleges-entreprise\/"]}]},{"@type":"ImageObject","inLanguage":"fr-FR","@id":"https:\/\/www.presasg8.es\/fr\/installation-de-murs-descalade-dans-les-ecoles-et-les-colleges-entreprise\/#primaryimage","url":"https:\/\/www.presasg8.es\/wp-content\/uploads\/2024\/02\/rocodromo-colegio-alfadali-1024x576-1.jpg","contentUrl":"https:\/\/www.presasg8.es\/wp-content\/uploads\/2024\/02\/rocodromo-colegio-alfadali-1024x576-1.jpg","width":1024,"height":576},{"@type":"BreadcrumbList","@id":"https:\/\/www.presasg8.es\/fr\/installation-de-murs-descalade-dans-les-ecoles-et-les-colleges-entreprise\/#breadcrumb","itemListElement":[{"@type":"ListItem","position":1,"name":"Portada","item":"https:\/\/www.presasg8.es\/fr\/"},{"@type":"ListItem","position":2,"name":"Installation de murs d&#8217;escalade dans les \u00e9coles et les coll\u00e8ges. Entreprise"}]},{"@type":"WebSite","@id":"https:\/\/www.presasg8.es\/fr\/#website","url":"https:\/\/www.presasg8.es\/fr\/","name":"Presas de escalada G8","description":"Tienda online de Presas de escalada para roc\u00f3dromo","publisher":{"@id":"https:\/\/www.presasg8.es\/fr\/#organization"},"alternateName":"Presas de escalada para roc\u00f3dromo","potentialAction":[{"@type":"SearchAction","target":{"@type":"EntryPoint","urlTemplate":"https:\/\/www.presasg8.es\/fr\/?s={search_term_string}"},"query-input":{"@type":"PropertyValueSpecification","valueRequired":true,"valueName":"search_term_string"}}],"inLanguage":"fr-FR"},{"@type":"Organization","@id":"https:\/\/www.presasg8.es\/fr\/#organization","name":"Presas de escalada G8","alternateName":"Presas de escalada para roc\u00f3dromo G8","url":"https:\/\/www.presasg8.es\/fr\/","logo":{"@type":"ImageObject","inLanguage":"fr-FR","@id":"https:\/\/www.presasg8.es\/fr\/#\/schema\/logo\/image\/","url":"https:\/\/www.presasg8.es\/wp-content\/uploads\/2023\/09\/logo-presas-g8.jpeg","contentUrl":"https:\/\/www.presasg8.es\/wp-content\/uploads\/2023\/09\/logo-presas-g8.jpeg","width":400,"height":486,"caption":"Presas de escalada G8"},"image":{"@id":"https:\/\/www.presasg8.es\/fr\/#\/schema\/logo\/image\/"},"sameAs":["https:\/\/www.facebook.com\/presasescaladag8\/","https:\/\/www.instagram.com\/presasg8\/"]},{"@type":"Person","@id":"https:\/\/www.presasg8.es\/fr\/#\/schema\/person\/31ed7e49e880593df7ccabf7c4ec8951","name":"nuteco","sameAs":["https:\/\/www.presasg8.es"]}]}},"_links":{"self":[{"href":"https:\/\/www.presasg8.es\/fr\/wp-json\/wp\/v2\/posts\/4717","targetHints":{"allow":["GET"]}}],"collection":[{"href":"https:\/\/www.presasg8.es\/fr\/wp-json\/wp\/v2\/posts"}],"about":[{"href":"https:\/\/www.presasg8.es\/fr\/wp-json\/wp\/v2\/types\/post"}],"author":[{"embeddable":true,"href":"https:\/\/www.presasg8.es\/fr\/wp-json\/wp\/v2\/users\/1"}],"replies":[{"embeddable":true,"href":"https:\/\/www.presasg8.es\/fr\/wp-json\/wp\/v2\/comments?post=4717"}],"version-history":[{"count":2,"href":"https:\/\/www.presasg8.es\/fr\/wp-json\/wp\/v2\/posts\/4717\/revisions"}],"predecessor-version":[{"id":8703,"href":"https:\/\/www.presasg8.es\/fr\/wp-json\/wp\/v2\/posts\/4717\/revisions\/8703"}],"wp:featuredmedia":[{"embeddable":true,"href":"https:\/\/www.presasg8.es\/fr\/wp-json\/wp\/v2\/media\/1838"}],"wp:attachment":[{"href":"https:\/\/www.presasg8.es\/fr\/wp-json\/wp\/v2\/media?parent=4717"}],"wp:term":[{"taxonomy":"category","embeddable":true,"href":"https:\/\/www.presasg8.es\/fr\/wp-json\/wp\/v2\/categories?post=4717"},{"taxonomy":"post_tag","embeddable":true,"href":"https:\/\/www.presasg8.es\/fr\/wp-json\/wp\/v2\/tags?post=4717"}],"curies":[{"name":"wp","href":"https:\/\/api.w.org\/{rel}","templated":true}]}}